{"id":7496,"date":"2026-03-14T15:03:56","date_gmt":"2026-03-14T14:03:56","guid":{"rendered":"https:\/\/www.textile-forum-blog.org\/?p=7496"},"modified":"2026-03-14T15:47:56","modified_gmt":"2026-03-14T14:47:56","slug":"workshop-and-exhibition-by-jonatan-e-jurkowski","status":"publish","type":"post","link":"https:\/\/www.textile-forum-blog.org\/de\/2026\/03\/workshop-and-exhibition-by-jonatan-e-jurkowski\/","title":{"rendered":"Workshop und Ausstellung mit Jonatan E. Jurkowski"},"content":{"rendered":"<p><figure id=\"attachment_7518\" aria-describedby=\"caption-attachment-7518\" style=\"width: 800px\" class=\"wp-caption alignnone\"><img loading=\"lazy\" decoding=\"async\" class=\"size-full wp-image-7518\" src=\"https:\/\/www.textile-forum-blog.org\/wp-content\/uploads\/2026\/03\/Jonatan.Papier.Blog_.png\" alt=\"\" width=\"800\" height=\"366\" srcset=\"https:\/\/www.textile-forum-blog.org\/wp-content\/uploads\/2026\/03\/Jonatan.Papier.Blog_.png 800w, https:\/\/www.textile-forum-blog.org\/wp-content\/uploads\/2026\/03\/Jonatan.Papier.Blog_-300x137.png 300w, https:\/\/www.textile-forum-blog.org\/wp-content\/uploads\/2026\/03\/Jonatan.Papier.Blog_-768x351.png 768w, https:\/\/www.textile-forum-blog.org\/wp-content\/uploads\/2026\/03\/Jonatan.Papier.Blog_-24x11.png 24w, https:\/\/www.textile-forum-blog.org\/wp-content\/uploads\/2026\/03\/Jonatan.Papier.Blog_-36x16.png 36w, https:\/\/www.textile-forum-blog.org\/wp-content\/uploads\/2026\/03\/Jonatan.Papier.Blog_-48x22.png 48w\" sizes=\"auto, (max-width: 800px) 100vw, 800px\" \/><figcaption id=\"caption-attachment-7518\" class=\"wp-caption-text\">Jonatan E.Jurkowski: Mandorlas, 2021, each piece 70 x 100 cm; handmade paper: k\u014dzo, linen, pine cellulose; writing<\/figcaption><\/figure><\/p>\n<h1><strong><span style=\"color: #000000;\"><b>Workshop und <\/b><\/span><\/strong><strong><span style=\"color: #000000;\"><b>Ausstellung mit Jonatan E. Jurkowski<\/b><\/span><\/strong><\/h1>\n<h1 class=\"western\"><strong><span style=\"color: #000000;\">Workshop in Hannover<\/span><\/strong><\/h1>\n<h3><strong><span style=\"color: #000000;\"><b>Handgesch\u00f6pftes Papier \u2013 Von Bl\u00e4ttern zu japanischem Washi<\/b><\/span><\/strong><br \/>\nWochenend-Workshop: <strong><span style=\"color: #000000;\"><b>Freitag, 8. Mai, 18:00 Uhr \u2013 Sonntag, 10. Mai, 15:00 Uhr<\/b><\/span><\/strong><br \/>\nDer Textil- und Papierk\u00fcnstler\u00a0<strong><span style=\"color: #000000;\">Jonatan Jurkowski<\/span><\/strong><span style=\"color: #000000;\">\u00a0leitet diesen Workshop\u00a0<\/span><strong><span style=\"color: #000000;\">auf Englisch<\/span><\/strong><span style=\"color: #000000;\">. Da es sich um einen sehr praktischen Workshop handelt, sind\u00a0<\/span><strong><span style=\"color: #000000;\">nur sehr einfache Englischkenntnisse erforderlich<\/span><\/strong><span style=\"color: #000000;\">.<\/span><\/h3>\n<p><span style=\"color: #000000;\">Die Teilnehmenden lernen, wie man\u00a0<\/span><strong><span style=\"color: #000000;\">handgesch\u00f6pftes Papier aus verschiedenen pflanzlichen Materialien<\/span><\/strong><span style=\"color: #000000;\">\u00a0herstellt, darunter\u00a0<\/span><strong><span style=\"color: #000000;\">Bl\u00e4tter, Heu, Baumwollzellulose und japanische Kozo-Fasern<\/span><\/strong><span style=\"color: #000000;\">. Der Workshop beginnt mit der\u00a0<\/span><strong><span style=\"color: #000000;\">Vorbereitung der Fasern<\/span><\/strong><span style=\"color: #000000;\">\u00a0\u2013 Einweichen, Kochen, F\u00e4rben und Mischen der Materialien. Anschlie\u00dfend lernen die Teilnehmenden,\u00a0<\/span><strong><span style=\"color: #000000;\">Papierb\u00f6gen sowohl mit europ\u00e4ischen als auch mit japanischen Papierherstellungstechniken<\/span><\/strong><span style=\"color: #000000;\">\u00a0zu formen, bei denen die Form mehrfach gesch\u00f6pft wird.<\/span><br \/>\nW\u00e4hrend des Workshops werden auch\u00a0<span style=\"color: #000000;\">experimentelle Ans\u00e4tze<\/span><span style=\"color: #000000;\">\u00a0erprobt. Die Teilnehmenden stellen\u00a0<\/span><strong><span style=\"color: #000000;\">flache Papierb\u00f6gen<\/span><\/strong><span style=\"color: #000000;\">her, lernen\u00a0<\/span><strong><span style=\"color: #000000;\">Objekte in das Papier einzubetten<\/span><\/strong><span style=\"color: #000000;\">, fertigen\u00a0<\/span><strong><span style=\"color: #000000;\">\u201ePapierbilder\u201c mit Reserve-Techniken<\/span><\/strong><span style=\"color: #000000;\">\u00a0an und experimentieren mit\u00a0<\/span><strong><span style=\"color: #000000;\">dreidimensionalen Papierformen<\/span><\/strong><span style=\"color: #000000;\">.<\/span><br \/>\nDie Teilnehmenden werden gebeten,\u00a0<strong><span style=\"color: #000000;\">zus\u00e4tzliche pflanzliche Materialien<\/span><\/strong><span style=\"color: #000000;\">\u00a0zum Experimentieren mitzubringen; eine Liste empfohlener Materialien wird vorab verschickt.<\/span><\/p>\n<p><strong><span style=\"color: #000000;\">Kosten:<\/span><span style=\"color: #000000;\"> 185 Euro, <\/span><span style=\"color: #000000;\">Anmeldung bei: <\/span><span style=\"color: #000000;\">Workshop Hannover e.V. \u2013 Zentr<\/span><span style=\"color: #000000;\">um f\u00fcr kreatives Gestalten, <\/span>Lister Meile 4, Kulturzentrum Pavillon, 30161 Hannover, Tel.: 0511 \u2013 34 47 11<\/strong><br \/>\n<strong>E-Mail: box@workshop-ev.de, Website:\u00a0<a href=\"https:\/\/www.workshop-ev.de\/\">https:\/\/www.workshop-ev.de<\/a><\/strong><\/p>\n<h1><strong><span style=\"color: #000000;\"><b>Ausstellung &#8221; Die Eigene Wurzeln sind Wichtig&#8221; in Workshop Hannover<\/b><\/span><\/strong><\/h1>\n<h3><span style=\"color: #000000;\">Jonatan E. Jurkowski ist ein polnischer Textil- und Papierk\u00fcnstler, geboren 1995 in Stargard, Polen. 2022 schloss er sein Studium der\u00a0<\/span><strong><span style=\"color: #000000;\">Papier- und Textilkunst<\/span><\/strong><span style=\"color: #000000;\">\u00a0an der\u00a0<\/span><strong><span style=\"color: #000000;\">W\u0142adys\u0142aw-Strzemi\u0144ski-Akademie der Bildenden K\u00fcnste in \u0141\u00f3d\u017a<\/span><\/strong><span style=\"color: #000000;\">\u00a0mit Auszeichnung ab. Seit 2023 setzt er seine k\u00fcnstlerische Arbeit als\u00a0<\/span><strong><span style=\"color: #000000;\">Doktorand an der Kunstakademie in Szczecin<\/span><\/strong><span style=\"color: #000000;\"> fort, wo er sich auf Textil<\/span><strong><span style=\"color: #000000;\">kunst und Design<\/span><\/strong><span style=\"color: #000000;\">\u00a0konzentriert.<\/span><\/h3>\n<p><span style=\"color: #000000;\">Seine Arbeiten verbinden\u00a0<\/span><strong><span style=\"color: #000000;\">Textilien, Papier und Fasern<\/span><\/strong><span style=\"color: #000000;\">\u00a0und entstehen mit einer Vielzahl von Techniken wie\u00a0<\/span><strong><span style=\"color: #000000;\">Stricken, Weben, Sticken<\/span><\/strong><span style=\"color: #000000;\">\u00a0sowie\u00a0<\/span><strong><span style=\"color: #000000;\">experimentellen Methoden<\/span><\/strong><span style=\"color: #000000;\">. Zu den Materialien und Verfahren, die er verwendet, geh\u00f6ren\u00a0<\/span><strong><span style=\"color: #000000;\">Papier, Sisal, Jute, gestrickte und gekn\u00fcpfte Strukturen, Seile, Seide, Rosenbl\u00e4tter, handgesch\u00f6pftes Papier<\/span><\/strong><span style=\"color: #000000;\">\u00a0sowie von ihm selbst entwickelte Mischtechniken. So kombiniert beispielsweise die Arbeit\u00a0<\/span><strong><span style=\"color: #000000;\">\u201eMandorla for Heaven\u201c<\/span><\/strong><span style=\"color: #000000;\">\u00a0Papier, Sisal, Jute, Stricktechniken und eine von ihm entwickelte Methode.<\/span><\/p>\n<p><span style=\"color: #000000;\">Inhaltlich kreisen seine Werke h\u00e4ufig um Themen wie\u00a0<\/span><strong><span style=\"color: #000000;\">Transformation, \u00dcbergang, Krise, Erinnerung, Wurzeln, Heilung und spirituelle Resonanz<\/span><\/strong><span style=\"color: #000000;\">. Dies spiegelt sich in Titeln und Werkbeschreibungen wie\u00a0<\/span><strong><span style=\"color: #000000;\">\u201eLazarus\u201c, \u201eMandorla for Heaven and Earth\u201c, \u201eHarranu isi\u201c, \u201eOreuda\u201c, \u201eGranum Orans\u201c<\/span><\/strong><span style=\"color: #000000;\">\u00a0und\u00a0<\/span><strong><span style=\"color: #000000;\">\u201ePesvebi (Roots)\u201c<\/span><\/strong><span style=\"color: #000000;\">\u00a0wider. Diese Arbeiten sind oft mit Ideen von\u00a0<\/span><strong><span style=\"color: #000000;\">Wiederkehr ins Leben nach Verlust, Gebet, Verwurzelung und Erneuerung<\/span><\/strong><span style=\"color: #000000;\">\u00a0verbunden.<\/span><\/p>\n<p><span style=\"color: #000000;\">Seine Werke haben bereits\u00a0<\/span><strong><span style=\"color: #000000;\">internationale Aufmerksamkeit<\/span><\/strong><span style=\"color: #000000;\">\u00a0erlangt. Sie wurden in\u00a0<\/span><strong><span style=\"color: #000000;\">Polen, Deutschland, Lettland, Kolumbien, Kanada und S\u00fcdkorea<\/span><\/strong><span style=\"color: #000000;\">\u00a0ausgestellt, und Arbeiten befinden sich in\u00a0<\/span><strong><span style=\"color: #000000;\">\u00f6ffentlichen Sammlungen<\/span><\/strong><span style=\"color: #000000;\">, darunter im\u00a0<\/span><strong><span style=\"color: #000000;\">Book Art Museum<\/span><\/strong><span style=\"color: #000000;\">\u00a0sowie im\u00a0<\/span><strong><span style=\"color: #000000;\">Papiermuseum in Polen<\/span><\/strong><span style=\"color: #000000;\">.<br \/>\nIm Jahr\u00a0<\/span><strong><span style=\"color: #000000;\">2026<\/span><\/strong><span style=\"color: #000000;\">\u00a0sind\u00a0<\/span><strong><span style=\"color: #000000;\">Einzelausstellungen in Hannover sowie im Papiermuseum in Polen<\/span><\/strong><span style=\"color: #000000;\">\u00a0geplant, au\u00dferdem eine\u00a0<\/span><strong><span style=\"color: #000000;\">Gruppenausstellung in Xalapa, Mexiko<\/span><\/strong><span style=\"color: #000000;\">.<\/span><\/p>\n<p><span style=\"color: #000000;\">Zu seinen wichtigen Auszeichnungen geh\u00f6rt ein\u00a0<\/span><strong><span style=\"color: #000000;\">Preis in der Kategorie Textilkunst<\/span><\/strong><span style=\"color: #000000;\">\u00a0f\u00fcr die Arbeit\u00a0<\/span><strong><span style=\"color: #000000;\">\u201eMandorla for Earth\u201c<\/span><\/strong><span style=\"color: #000000;\">\u00a0bei der\u00a0<\/span><strong><span style=\"color: #000000;\">4. Triennale junger Textilkunst an der Strzemi\u0144ski-Akademie der Bildenden K\u00fcnste in \u0141\u00f3d\u017a (2022)<\/span><\/strong><span style=\"color: #000000;\">. Bei der\u00a0<\/span><strong><span style=\"color: #000000;\">7. Riga International Textile and Fibre Art Triennial<\/span><\/strong><span style=\"color: #000000;\">\u00a0erhielt er zudem den\u00a0<\/span><strong><span style=\"color: #000000;\">dritten Preis f\u00fcr \u201eMandorla for Heaven\u201c<\/span><\/strong><span style=\"color: #000000;\">.<\/span><\/p>\n<p><span style=\"color: #000000;\">Im Jahr\u00a0<\/span><span style=\"color: #000000;\">2025<\/span><span style=\"color: #000000;\">\u00a0zeigte er eine\u00a0<\/span><span style=\"color: #000000;\">Einzelausstellung im Book Art Museum in \u0141\u00f3d\u017a<\/span><span style=\"color: #000000;\">, die im <\/span><a href=\"https:\/\/www.textile-forum-blog.org\/de\/2025\/11\/le-radici-sono-importanti-roots-are-important\/\"><span style=\"color: #000000;\">Textile Forum Blog \u00a0am 19 November, 2025 <\/span><\/a><span style=\"color: #000000;\">\u00a0<a href=\"https:\/\/www.textile-forum-blog.org\/de\/2025\/11\/le-radici-sono-importanti-roots-are-important\/\">besprochen wurde.<\/a> Dort wurden unter anderem die Werke\u00a0<\/span><span style=\"color: #000000;\">\u201eGranum Orans\u201c, \u201eOreuda\u201c, \u201eLazarus\u201c<\/span><span style=\"color: #000000;\">\u00a0und\u00a0<\/span><span style=\"color: #000000;\">\u201eHarranu isi\u201c<\/span><span style=\"color: #000000;\">\u00a0pr\u00e4sentiert.<br \/>\n<\/span><span style=\"color: #000000;\"><b>Die Ausstellung\u00a0<\/b><\/span><strong><span style=\"color: #000000;\"><b>\u201eDie eigene Wurzeln sind wichtig\u201c<\/b><\/span><\/strong><span style=\"color: #000000;\"><b>\u00a0wird vom\u00a0<\/b><\/span><strong><span style=\"color: #000000;\"><b>11. Mai bis 8. September 2026<\/b><\/span><\/strong><span style=\"color: #000000;\"><b>\u00a0auch im\u00a0<\/b><\/span><strong><span style=\"color: #000000;\"><b>Workshop Hannover<\/b><\/span><\/strong><span style=\"color: #000000;\"><b> gezeigt.<\/b><\/span><\/p>\n<p><strong>Am Sonntag, den 10. Mai um 19:00 Uhr, wird die Ausstellung von Jonatan E. Jurkowski in der Werkstatt Hannover er\u00f6ffnet, mit einer Einf\u00fchrung von Beatrijs Sterk.<\/strong><\/p>\n<figure id=\"attachment_7529\" aria-describedby=\"caption-attachment-7529\" style=\"width: 784px\" class=\"wp-caption alignnone\"><img loading=\"lazy\" decoding=\"async\" class=\"size-full wp-image-7529\" src=\"https:\/\/www.textile-forum-blog.org\/wp-content\/uploads\/2026\/03\/Bildschirmfoto-2026-03-12-um-15.35.44.png\" alt=\"\" width=\"784\" height=\"1102\" srcset=\"https:\/\/www.textile-forum-blog.org\/wp-content\/uploads\/2026\/03\/Bildschirmfoto-2026-03-12-um-15.35.44.png 784w, https:\/\/www.textile-forum-blog.org\/wp-content\/uploads\/2026\/03\/Bildschirmfoto-2026-03-12-um-15.35.44-213x300.png 213w, https:\/\/www.textile-forum-blog.org\/wp-content\/uploads\/2026\/03\/Bildschirmfoto-2026-03-12-um-15.35.44-729x1024.png 729w, https:\/\/www.textile-forum-blog.org\/wp-content\/uploads\/2026\/03\/Bildschirmfoto-2026-03-12-um-15.35.44-768x1080.png 768w, https:\/\/www.textile-forum-blog.org\/wp-content\/uploads\/2026\/03\/Bildschirmfoto-2026-03-12-um-15.35.44-17x24.png 17w, https:\/\/www.textile-forum-blog.org\/wp-content\/uploads\/2026\/03\/Bildschirmfoto-2026-03-12-um-15.35.44-26x36.png 26w, https:\/\/www.textile-forum-blog.org\/wp-content\/uploads\/2026\/03\/Bildschirmfoto-2026-03-12-um-15.35.44-34x48.png 34w\" sizes=\"auto, (max-width: 784px) 100vw, 784px\" \/><figcaption id=\"caption-attachment-7529\" class=\"wp-caption-text\">Jonatan E.Jurkowski: &#8220;Shadow of the Transient&#8221;, 2019, 9 pieces ,70 x 100 cm;Handmade paper, k\u014dzo, linen, metal wire, viscose thread, machine embroidery<\/figcaption><\/figure>\n<figure id=\"attachment_7522\" aria-describedby=\"caption-attachment-7522\" style=\"width: 800px\" class=\"wp-caption alignnone\"><img loading=\"lazy\" decoding=\"async\" class=\"size-full wp-image-7522\" src=\"https:\/\/www.textile-forum-blog.org\/wp-content\/uploads\/2026\/03\/Jonatan-Papier-Blog.png\" alt=\"\" width=\"800\" height=\"620\" srcset=\"https:\/\/www.textile-forum-blog.org\/wp-content\/uploads\/2026\/03\/Jonatan-Papier-Blog.png 800w, https:\/\/www.textile-forum-blog.org\/wp-content\/uploads\/2026\/03\/Jonatan-Papier-Blog-300x233.png 300w, https:\/\/www.textile-forum-blog.org\/wp-content\/uploads\/2026\/03\/Jonatan-Papier-Blog-768x595.png 768w, https:\/\/www.textile-forum-blog.org\/wp-content\/uploads\/2026\/03\/Jonatan-Papier-Blog-24x19.png 24w, https:\/\/www.textile-forum-blog.org\/wp-content\/uploads\/2026\/03\/Jonatan-Papier-Blog-36x28.png 36w, https:\/\/www.textile-forum-blog.org\/wp-content\/uploads\/2026\/03\/Jonatan-Papier-Blog-48x37.png 48w\" sizes=\"auto, (max-width: 800px) 100vw, 800px\" \/><figcaption id=\"caption-attachment-7522\" class=\"wp-caption-text\">Jonatan E. Jurkowski:&#8221;Veil of Silence&#8221;, 2020, each piece 30 x 120 cm; handmade paper: k\u014dzo, pine cellulose, writing<\/figcaption><\/figure>\n<figure id=\"attachment_7521\" aria-describedby=\"caption-attachment-7521\" style=\"width: 800px\" class=\"wp-caption alignnone\"><img loading=\"lazy\" decoding=\"async\" class=\"size-full wp-image-7521\" src=\"https:\/\/www.textile-forum-blog.org\/wp-content\/uploads\/2026\/03\/Jonatan.Papier.-blog.png\" alt=\"\" width=\"800\" height=\"1209\" srcset=\"https:\/\/www.textile-forum-blog.org\/wp-content\/uploads\/2026\/03\/Jonatan.Papier.-blog.png 800w, https:\/\/www.textile-forum-blog.org\/wp-content\/uploads\/2026\/03\/Jonatan.Papier.-blog-199x300.png 199w, https:\/\/www.textile-forum-blog.org\/wp-content\/uploads\/2026\/03\/Jonatan.Papier.-blog-678x1024.png 678w, https:\/\/www.textile-forum-blog.org\/wp-content\/uploads\/2026\/03\/Jonatan.Papier.-blog-768x1161.png 768w, https:\/\/www.textile-forum-blog.org\/wp-content\/uploads\/2026\/03\/Jonatan.Papier.-blog-16x24.png 16w, https:\/\/www.textile-forum-blog.org\/wp-content\/uploads\/2026\/03\/Jonatan.Papier.-blog-24x36.png 24w, https:\/\/www.textile-forum-blog.org\/wp-content\/uploads\/2026\/03\/Jonatan.Papier.-blog-32x48.png 32w\" sizes=\"auto, (max-width: 800px) 100vw, 800px\" \/><figcaption id=\"caption-attachment-7521\" class=\"wp-caption-text\">Jonatan E. Jurkowski: Mandorla for Earth and Heaven, 2022, 500 x 80 cm; wood and handmade paper<\/figcaption><\/figure>\n<figure id=\"attachment_7520\" aria-describedby=\"caption-attachment-7520\" style=\"width: 775px\" class=\"wp-caption alignnone\"><img loading=\"lazy\" decoding=\"async\" class=\"size-full wp-image-7520\" src=\"https:\/\/www.textile-forum-blog.org\/wp-content\/uploads\/2026\/03\/Jonatan-_papier_blog.png\" alt=\"\" width=\"775\" height=\"838\" srcset=\"https:\/\/www.textile-forum-blog.org\/wp-content\/uploads\/2026\/03\/Jonatan-_papier_blog.png 775w, https:\/\/www.textile-forum-blog.org\/wp-content\/uploads\/2026\/03\/Jonatan-_papier_blog-277x300.png 277w, https:\/\/www.textile-forum-blog.org\/wp-content\/uploads\/2026\/03\/Jonatan-_papier_blog-768x830.png 768w, https:\/\/www.textile-forum-blog.org\/wp-content\/uploads\/2026\/03\/Jonatan-_papier_blog-22x24.png 22w, https:\/\/www.textile-forum-blog.org\/wp-content\/uploads\/2026\/03\/Jonatan-_papier_blog-33x36.png 33w, https:\/\/www.textile-forum-blog.org\/wp-content\/uploads\/2026\/03\/Jonatan-_papier_blog-44x48.png 44w\" sizes=\"auto, (max-width: 775px) 100vw, 775px\" \/><figcaption id=\"caption-attachment-7520\" class=\"wp-caption-text\">E. Jurkowski: Mandorla for Earth and Heaven, 2022, 500 x 80 cm; wood and handmade paper<\/figcaption><\/figure>\n<figure id=\"attachment_7524\" aria-describedby=\"caption-attachment-7524\" style=\"width: 800px\" class=\"wp-caption alignnone\"><img loading=\"lazy\" decoding=\"async\" class=\"wp-image-7524 size-full\" src=\"https:\/\/www.textile-forum-blog.org\/wp-content\/uploads\/2026\/03\/Jonatan_blog.png\" alt=\"\" width=\"800\" height=\"1073\" srcset=\"https:\/\/www.textile-forum-blog.org\/wp-content\/uploads\/2026\/03\/Jonatan_blog.png 800w, https:\/\/www.textile-forum-blog.org\/wp-content\/uploads\/2026\/03\/Jonatan_blog-224x300.png 224w, https:\/\/www.textile-forum-blog.org\/wp-content\/uploads\/2026\/03\/Jonatan_blog-763x1024.png 763w, https:\/\/www.textile-forum-blog.org\/wp-content\/uploads\/2026\/03\/Jonatan_blog-768x1030.png 768w, https:\/\/www.textile-forum-blog.org\/wp-content\/uploads\/2026\/03\/Jonatan_blog-18x24.png 18w, https:\/\/www.textile-forum-blog.org\/wp-content\/uploads\/2026\/03\/Jonatan_blog-27x36.png 27w, https:\/\/www.textile-forum-blog.org\/wp-content\/uploads\/2026\/03\/Jonatan_blog-36x48.png 36w\" sizes=\"auto, (max-width: 800px) 100vw, 800px\" \/><figcaption id=\"caption-attachment-7524\" class=\"wp-caption-text\">Jonatan E. Jurkowski: Knitted paper with blue Machine embroidery<\/figcaption><\/figure>\n<figure id=\"attachment_7525\" aria-describedby=\"caption-attachment-7525\" style=\"width: 800px\" class=\"wp-caption alignnone\"><img loading=\"lazy\" decoding=\"async\" class=\"wp-image-7525 size-full\" src=\"https:\/\/www.textile-forum-blog.org\/wp-content\/uploads\/2026\/03\/Jonata.papier.blog_.png\" alt=\"\" width=\"800\" height=\"476\" srcset=\"https:\/\/www.textile-forum-blog.org\/wp-content\/uploads\/2026\/03\/Jonata.papier.blog_.png 800w, https:\/\/www.textile-forum-blog.org\/wp-content\/uploads\/2026\/03\/Jonata.papier.blog_-300x179.png 300w, https:\/\/www.textile-forum-blog.org\/wp-content\/uploads\/2026\/03\/Jonata.papier.blog_-768x457.png 768w, https:\/\/www.textile-forum-blog.org\/wp-content\/uploads\/2026\/03\/Jonata.papier.blog_-24x14.png 24w, https:\/\/www.textile-forum-blog.org\/wp-content\/uploads\/2026\/03\/Jonata.papier.blog_-36x21.png 36w, https:\/\/www.textile-forum-blog.org\/wp-content\/uploads\/2026\/03\/Jonata.papier.blog_-48x29.png 48w\" sizes=\"auto, (max-width: 800px) 100vw, 800px\" \/><figcaption id=\"caption-attachment-7525\" class=\"wp-caption-text\">Jonatan E. Jurkowski: Knitted paper with blue Machine embroidery<\/figcaption><\/figure>\n<p><figure id=\"attachment_7523\" aria-describedby=\"caption-attachment-7523\" style=\"width: 800px\" class=\"wp-caption alignnone\"><img loading=\"lazy\" decoding=\"async\" class=\"wp-image-7523 size-full\" src=\"https:\/\/www.textile-forum-blog.org\/wp-content\/uploads\/2026\/03\/Jonatan-papier_blog.png\" alt=\"\" width=\"800\" height=\"616\" srcset=\"https:\/\/www.textile-forum-blog.org\/wp-content\/uploads\/2026\/03\/Jonatan-papier_blog.png 800w, https:\/\/www.textile-forum-blog.org\/wp-content\/uploads\/2026\/03\/Jonatan-papier_blog-300x231.png 300w, https:\/\/www.textile-forum-blog.org\/wp-content\/uploads\/2026\/03\/Jonatan-papier_blog-768x591.png 768w, https:\/\/www.textile-forum-blog.org\/wp-content\/uploads\/2026\/03\/Jonatan-papier_blog-24x18.png 24w, https:\/\/www.textile-forum-blog.org\/wp-content\/uploads\/2026\/03\/Jonatan-papier_blog-36x28.png 36w, https:\/\/www.textile-forum-blog.org\/wp-content\/uploads\/2026\/03\/Jonatan-papier_blog-48x37.png 48w\" sizes=\"auto, (max-width: 800px) 100vw, 800px\" \/><figcaption id=\"caption-attachment-7523\" class=\"wp-caption-text\">Jonatan E. Jurkowski: Knitted paper with blue Machine embroidery<\/figcaption><\/figure><\/p>","protected":false},"excerpt":{"rendered":"<p>Workshop und Ausstellung mit Jonatan E. Jurkowski Workshop in Hannover Handgesch\u00f6pftes Papier \u2013 Von Bl\u00e4ttern zu japanischem Washi Wochenend-Workshop: Freitag, 8. Mai, 18:00 Uhr \u2013 Sonntag, 10. Mai, 15:00 Uhr&#8230;<\/p>\n","protected":false},"author":1,"featured_media":7529,"comment_status":"closed","ping_status":"closed","sticky":false,"template":"","format":"standard","meta":{"footnotes":""},"categories":[14,12],"tags":[44,36,326,324,325],"class_list":["post-7496","post","type-post","status-publish","format-standard","has-post-thumbnail","hentry","category-courses-meetings","category-exhibitions","tag-paper-art","tag-textile-art","tag-hannover","tag-jonatan-e-jurkowski","tag-workshop"],"_links":{"self":[{"href":"https:\/\/www.textile-forum-blog.org\/de\/wp-json\/wp\/v2\/posts\/7496","targetHints":{"allow":["GET"]}}],"collection":[{"href":"https:\/\/www.textile-forum-blog.org\/de\/wp-json\/wp\/v2\/posts"}],"about":[{"href":"https:\/\/www.textile-forum-blog.org\/de\/wp-json\/wp\/v2\/types\/post"}],"author":[{"embeddable":true,"href":"https:\/\/www.textile-forum-blog.org\/de\/wp-json\/wp\/v2\/users\/1"}],"replies":[{"embeddable":true,"href":"https:\/\/www.textile-forum-blog.org\/de\/wp-json\/wp\/v2\/comments?post=7496"}],"version-history":[{"count":18,"href":"https:\/\/www.textile-forum-blog.org\/de\/wp-json\/wp\/v2\/posts\/7496\/revisions"}],"predecessor-version":[{"id":7541,"href":"https:\/\/www.textile-forum-blog.org\/de\/wp-json\/wp\/v2\/posts\/7496\/revisions\/7541"}],"wp:featuredmedia":[{"embeddable":true,"href":"https:\/\/www.textile-forum-blog.org\/de\/wp-json\/wp\/v2\/media\/7529"}],"wp:attachment":[{"href":"https:\/\/www.textile-forum-blog.org\/de\/wp-json\/wp\/v2\/media?parent=7496"}],"wp:term":[{"taxonomy":"category","embeddable":true,"href":"https:\/\/www.textile-forum-blog.org\/de\/wp-json\/wp\/v2\/categories?post=7496"},{"taxonomy":"post_tag","embeddable":true,"href":"https:\/\/www.textile-forum-blog.org\/de\/wp-json\/wp\/v2\/tags?post=7496"}],"curies":[{"name":"wp","href":"https:\/\/api.w.org\/{rel}","templated":true}]}}