{"id":6837,"date":"2025-02-11T15:49:08","date_gmt":"2025-02-11T14:49:08","guid":{"rendered":"https:\/\/www.textile-forum-blog.org\/?p=6837"},"modified":"2025-04-28T17:35:17","modified_gmt":"2025-04-28T16:35:17","slug":"the-apple-tree-on-the-abandoned-railroad-line","status":"publish","type":"post","link":"https:\/\/www.textile-forum-blog.org\/de\/2025\/02\/the-apple-tree-on-the-abandoned-railroad-line\/","title":{"rendered":"Der Apfelbaum an der stillgelegte Bahnstrecke"},"content":{"rendered":"<p><figure id=\"attachment_6836\" aria-describedby=\"caption-attachment-6836\" style=\"width: 800px\" class=\"wp-caption alignnone\"><img loading=\"lazy\" decoding=\"async\" class=\"size-full wp-image-6836\" src=\"https:\/\/www.textile-forum-blog.org\/wp-content\/uploads\/2025\/02\/IMG_2076-2a.blog_.jpg\" alt=\"\" width=\"800\" height=\"600\" srcset=\"https:\/\/www.textile-forum-blog.org\/wp-content\/uploads\/2025\/02\/IMG_2076-2a.blog_.jpg 800w, https:\/\/www.textile-forum-blog.org\/wp-content\/uploads\/2025\/02\/IMG_2076-2a.blog_-300x225.jpg 300w, https:\/\/www.textile-forum-blog.org\/wp-content\/uploads\/2025\/02\/IMG_2076-2a.blog_-768x576.jpg 768w, https:\/\/www.textile-forum-blog.org\/wp-content\/uploads\/2025\/02\/IMG_2076-2a.blog_-24x18.jpg 24w, https:\/\/www.textile-forum-blog.org\/wp-content\/uploads\/2025\/02\/IMG_2076-2a.blog_-36x27.jpg 36w, https:\/\/www.textile-forum-blog.org\/wp-content\/uploads\/2025\/02\/IMG_2076-2a.blog_-48x36.jpg 48w\" sizes=\"auto, (max-width: 800px) 100vw, 800px\" \/><figcaption id=\"caption-attachment-6836\" class=\"wp-caption-text\">Elin Noble und Lasse Antonsen bei der Er\u00f6ffnung in &#8220;High Five Art&#8221; gallery in Baarle Nassau, the Netherlands, in July 2023; Photo Beatrijs Sterk<\/figcaption><\/figure><\/p>\n<p><strong>Der Apfelbaum auf der verlassenen Eisenbahnlinie<\/strong><br \/>\n<em>Ausstellung im Workshop Hannover, Zentrum f\u00fcr Kreatives Gestalten, Lister Meile 4, 30161 Hannover, von 19 Mai bis 7 September, 2025; <strong>Er\u00f6ffnung 18.5 um 19 Uhr!<\/strong><\/em><\/p>\n<p>Als das K\u00fcnstlerehepaar Elin Noble und Lasse Antonsen 2018 in der kleinen Stadt Assens in D\u00e4nemark auf der Insel F\u00fcnen zu Gast war, wurde es auf eine stillgelegte Eisenbahnlinie aufmerksam, die zwischen den St\u00e4dten Assens und Tommerup \u00fcber eine Entfernung von etwa 30 Kilometern verl\u00e4uft.<\/p>\n<p>Die Bahnstrecke wurde 1884 gebaut und bef\u00f6rderte bis 1966 Personenz\u00fcge. Bis 1993 bef\u00f6rderte sie noch G\u00fcterz\u00fcge, danach wurde sie jedoch aufgegeben.<\/p>\n<p>Die Insel F\u00fcnen ist Apfelland und Heimat bekannter Sorten. Man isst sie gerne und bei Bahnreisen landet der Kern oft aus dem Fenster. W\u00e4hrend die Bahnstrecke in Betrieb war, wurden regelm\u00e4\u00dfig Gestr\u00fcpp und Bewuchs neben den Gleisen gerodet, aber nachdem die Gleise aufgegeben wurden, durften die B\u00e4ume frei wachsen, so dass heute viele ausgewachsene Apfelb\u00e4ume entstanden sind.<\/p>\n<p>Bekannte Apfelsorten werden immer veredelt, d. h. jeder Baum ist ein Klon der urspr\u00fcnglichen Sorte. Die f\u00fcnf Samen, die in jedem Apfel enthalten sind, sind immer unterschiedlich und ergeben keinen Apfelbaum wie den Apfel, von dem sie stamm<\/p>\n<p>Antonsen und Noble fanden einen gro\u00dfen Baum mit adstringierenden \u00c4pfeln, was f\u00fcr Elin Noble \u2013 eine F\u00e4rberin \u2013 auf das Vorhandensein von Tanninen hinwies. Sie wusste, dass die Bl\u00e4tter Flavonoide enthielten, einen gelben Farbstoff. Anschlie\u00dfend sammelten die K\u00fcnstler \u00c4pfel, Bl\u00e4tter und Zweige vom Baum und Elin begann, Seide, Leinen, Ramie und Baumwollstoffe zu f\u00e4rben, was zu einer gro\u00dfen Vielfalt an gelben und goldenen Farben f\u00fchrte.<\/p>\n<p>Die K\u00fcnstler beschlossen \u2013 in ihrer ersten Zusammenarbeit \u2013, Kunstwerke zu schaffen, die auf dem Format eines Teststreifens basieren, einem kleinen Stoffstreifen, der teilweise in ein F\u00e4rbebad getaucht wird, um ein Gef\u00fchl f\u00fcr Farbe und Konzentration zu bekommen. F\u00fcr das Kunstwerk selbst wurden viel gr\u00f6\u00dfere rechteckige Stoffabschnitte verwendet. Ein Ende des Stoffes und manchmal auch beide Enden wurden entweder in eine Eisenl\u00f6sung getaucht, was zu einer satten Farbpalette von Schwarz, Dunkelgrau und Gr\u00fcn f\u00fchrte, oder in eine Titanl\u00f6sung f\u00fcr eine Vielzahl orangefarbener Farben.<\/p>\n<p>Die meisten der ausgestellten Arbeiten sind aus transparentem Seidenorganza gefertigt. Alle rechteckigen Stoffst\u00fccke durften sich in einem minimalistischen und sich wiederholenden Muster \u00fcberlappen, was zu einer optischen Mischung tieferer und satterer Farben f\u00fchrte.<\/p>\n<p>Antonsen und Noble sehen ihre Arbeit als Suche nach Sch\u00f6nheit und als Hommage an die endlose Vielfalt an Farben und Licht in der Natur.<\/p>\n<p>Die Ausstellung wurde\/wird gezeigt in:<br \/>\n<span style=\"font-size: small;\"><span style=\"color: #1f1f1f;\"><span style=\"font-family: inherit;\"><span lang=\"de-DE\">High Five Art, Baarle-Nassau, Niederlande<\/span><\/span><\/span><\/span> <span style=\"color: #1f1f1f;\"><span style=\"font-family: inherit;\"><span style=\"font-size: small;\"><span lang=\"de-DE\">9. Juli \u2013 27. August 2023<\/span><\/span><\/span><\/span><br \/>\n<span style=\"font-size: small;\"><span style=\"color: #1f1f1f;\"><span style=\"font-family: inherit;\"><span lang=\"de-DE\">Bojagi-Forum, Seoul, S\u00fcdkorea<\/span><\/span><\/span><\/span> <span style=\"color: #1f1f1f;\"><span style=\"font-family: inherit;\"><span style=\"font-size: small;\"><span lang=\"de-DE\">27. \u2013 31. Mai 2023<\/span><\/span><\/span><\/span><br \/>\n<span style=\"font-family: inherit;\"><span lang=\"de-DE\"><span style=\"color: #1f1f1f; font-size: small;\">Fiber Art Fair, Seoul Art Center, Seoul, S\u00fcdkorea<\/span> <\/span><\/span><span style=\"color: #1f1f1f;\"><span style=\"font-family: inherit;\"><span style=\"font-size: small;\"><span lang=\"de-DE\">12. \u2013 21. Mai 2023<\/span><\/span><\/span><\/span><br \/>\n<span style=\"font-size: small;\"><span style=\"color: #1f1f1f;\"><span style=\"font-family: inherit;\"><span lang=\"de-DE\">Das Narrow Center for the Arts in Fall River, Massachusetts<\/span><\/span><\/span><\/span> <span style=\"color: #1f1f1f;\"><span style=\"font-family: inherit;\"><span style=\"font-size: small;\"><span lang=\"de-DE\">12. November 2022 \u2013 14. Januar 2023<\/span><\/span><\/span><\/span><br \/>\n<span style=\"color: #1f1f1f;\"><span style=\"font-family: inherit;\"><span style=\"font-size: small;\"><span lang=\"de-DE\">Workshop Hannover , Zentrum f\u00fcr Kreatives Gestalten,<\/span><\/span><\/span><\/span> <span style=\"color: #1f1f1f;\"><span style=\"font-family: inherit;\"><span style=\"font-size: small;\"><span lang=\"de-DE\">18 Mai &#8211; 7 September 2025<\/span><\/span><\/span><\/span><br \/>\n<span style=\"color: #1f1f1f;\"><span style=\"font-family: inherit;\"><span style=\"font-size: small;\"><span lang=\"de-DE\">Anschliessend wird die Austellung auch in D\u00e4nemark zu sehen sein ab 20 September 2025!<\/span><\/span><\/span><\/span><\/p>\n<figure id=\"attachment_6827\" aria-describedby=\"caption-attachment-6827\" style=\"width: 800px\" class=\"wp-caption alignnone\"><img loading=\"lazy\" decoding=\"async\" class=\"size-full wp-image-6827\" src=\"https:\/\/www.textile-forum-blog.org\/wp-content\/uploads\/2025\/02\/IMG_9792-2.a.blog_.jpg\" alt=\"\" width=\"800\" height=\"356\" srcset=\"https:\/\/www.textile-forum-blog.org\/wp-content\/uploads\/2025\/02\/IMG_9792-2.a.blog_.jpg 800w, https:\/\/www.textile-forum-blog.org\/wp-content\/uploads\/2025\/02\/IMG_9792-2.a.blog_-300x134.jpg 300w, https:\/\/www.textile-forum-blog.org\/wp-content\/uploads\/2025\/02\/IMG_9792-2.a.blog_-768x342.jpg 768w, https:\/\/www.textile-forum-blog.org\/wp-content\/uploads\/2025\/02\/IMG_9792-2.a.blog_-24x11.jpg 24w, https:\/\/www.textile-forum-blog.org\/wp-content\/uploads\/2025\/02\/IMG_9792-2.a.blog_-36x16.jpg 36w, https:\/\/www.textile-forum-blog.org\/wp-content\/uploads\/2025\/02\/IMG_9792-2.a.blog_-48x21.jpg 48w\" sizes=\"auto, (max-width: 800px) 100vw, 800px\" \/><figcaption id=\"caption-attachment-6827\" class=\"wp-caption-text\">View at the Gallery High Five in Baarle Nassau, the Netherlands, exhibition of &#8220;The Apple Tree on the abandoned Railroad Line&#8221; July\/August 2023; photo Lasse Antonsen<\/figcaption><\/figure>\n<figure id=\"attachment_6826\" aria-describedby=\"caption-attachment-6826\" style=\"width: 800px\" class=\"wp-caption alignnone\"><img loading=\"lazy\" decoding=\"async\" class=\"size-full wp-image-6826\" src=\"https:\/\/www.textile-forum-blog.org\/wp-content\/uploads\/2025\/02\/4W0A4793.a.blog_.jpg\" alt=\"\" width=\"800\" height=\"1188\" srcset=\"https:\/\/www.textile-forum-blog.org\/wp-content\/uploads\/2025\/02\/4W0A4793.a.blog_.jpg 800w, https:\/\/www.textile-forum-blog.org\/wp-content\/uploads\/2025\/02\/4W0A4793.a.blog_-202x300.jpg 202w, https:\/\/www.textile-forum-blog.org\/wp-content\/uploads\/2025\/02\/4W0A4793.a.blog_-690x1024.jpg 690w, https:\/\/www.textile-forum-blog.org\/wp-content\/uploads\/2025\/02\/4W0A4793.a.blog_-768x1140.jpg 768w, https:\/\/www.textile-forum-blog.org\/wp-content\/uploads\/2025\/02\/4W0A4793.a.blog_-16x24.jpg 16w, https:\/\/www.textile-forum-blog.org\/wp-content\/uploads\/2025\/02\/4W0A4793.a.blog_-24x36.jpg 24w, https:\/\/www.textile-forum-blog.org\/wp-content\/uploads\/2025\/02\/4W0A4793.a.blog_-32x48.jpg 32w\" sizes=\"auto, (max-width: 800px) 100vw, 800px\" \/><figcaption id=\"caption-attachment-6826\" class=\"wp-caption-text\">Elin Noble &amp; Lasse Antonsen&#8221;The Apple Tree&#8221; project, made from the test strips of the dyeing, photo Lasse Antonsen<\/figcaption><\/figure>\n<figure id=\"attachment_6825\" aria-describedby=\"caption-attachment-6825\" style=\"width: 800px\" class=\"wp-caption alignnone\"><img loading=\"lazy\" decoding=\"async\" class=\"size-full wp-image-6825\" src=\"https:\/\/www.textile-forum-blog.org\/wp-content\/uploads\/2025\/02\/4W0A4784.a.blog_.jpg\" alt=\"\" width=\"800\" height=\"534\" srcset=\"https:\/\/www.textile-forum-blog.org\/wp-content\/uploads\/2025\/02\/4W0A4784.a.blog_.jpg 800w, https:\/\/www.textile-forum-blog.org\/wp-content\/uploads\/2025\/02\/4W0A4784.a.blog_-300x200.jpg 300w, https:\/\/www.textile-forum-blog.org\/wp-content\/uploads\/2025\/02\/4W0A4784.a.blog_-768x513.jpg 768w, https:\/\/www.textile-forum-blog.org\/wp-content\/uploads\/2025\/02\/4W0A4784.a.blog_-24x16.jpg 24w, https:\/\/www.textile-forum-blog.org\/wp-content\/uploads\/2025\/02\/4W0A4784.a.blog_-36x24.jpg 36w, https:\/\/www.textile-forum-blog.org\/wp-content\/uploads\/2025\/02\/4W0A4784.a.blog_-48x32.jpg 48w\" sizes=\"auto, (max-width: 800px) 100vw, 800px\" \/><figcaption id=\"caption-attachment-6825\" class=\"wp-caption-text\">Elin Noble &amp; Lasse Antonsen&#8221;The Apple Tree&#8221; project (detail), made from the test strips of the dyeing, photo Lasse Antonsen<\/figcaption><\/figure>\n<figure id=\"attachment_6831\" aria-describedby=\"caption-attachment-6831\" style=\"width: 800px\" class=\"wp-caption alignnone\"><img loading=\"lazy\" decoding=\"async\" class=\"size-full wp-image-6831\" src=\"https:\/\/www.textile-forum-blog.org\/wp-content\/uploads\/2025\/02\/IMG_2033-2.blog_.jpg\" alt=\"\" width=\"800\" height=\"1067\" srcset=\"https:\/\/www.textile-forum-blog.org\/wp-content\/uploads\/2025\/02\/IMG_2033-2.blog_.jpg 800w, https:\/\/www.textile-forum-blog.org\/wp-content\/uploads\/2025\/02\/IMG_2033-2.blog_-225x300.jpg 225w, https:\/\/www.textile-forum-blog.org\/wp-content\/uploads\/2025\/02\/IMG_2033-2.blog_-768x1024.jpg 768w, https:\/\/www.textile-forum-blog.org\/wp-content\/uploads\/2025\/02\/IMG_2033-2.blog_-18x24.jpg 18w, https:\/\/www.textile-forum-blog.org\/wp-content\/uploads\/2025\/02\/IMG_2033-2.blog_-27x36.jpg 27w, https:\/\/www.textile-forum-blog.org\/wp-content\/uploads\/2025\/02\/IMG_2033-2.blog_-36x48.jpg 36w\" sizes=\"auto, (max-width: 800px) 100vw, 800px\" \/><figcaption id=\"caption-attachment-6831\" class=\"wp-caption-text\">Elin Noble: Kimono made from the silk dyed at the Apple Tree project, photo taken at the exhibition in High Five Art, Baarle Nassau , the Netherlands by Beatrijs Sterk<\/figcaption><\/figure>\n<figure id=\"attachment_6824\" aria-describedby=\"caption-attachment-6824\" style=\"width: 393px\" class=\"wp-caption aligncenter\"><img loading=\"lazy\" decoding=\"async\" class=\"size-full wp-image-6824\" src=\"https:\/\/www.textile-forum-blog.org\/wp-content\/uploads\/2025\/02\/11-Mussings-II.a.blogjpg.jpg\" alt=\"\" width=\"393\" height=\"800\" srcset=\"https:\/\/www.textile-forum-blog.org\/wp-content\/uploads\/2025\/02\/11-Mussings-II.a.blogjpg.jpg 393w, https:\/\/www.textile-forum-blog.org\/wp-content\/uploads\/2025\/02\/11-Mussings-II.a.blogjpg-147x300.jpg 147w, https:\/\/www.textile-forum-blog.org\/wp-content\/uploads\/2025\/02\/11-Mussings-II.a.blogjpg-12x24.jpg 12w, https:\/\/www.textile-forum-blog.org\/wp-content\/uploads\/2025\/02\/11-Mussings-II.a.blogjpg-18x36.jpg 18w, https:\/\/www.textile-forum-blog.org\/wp-content\/uploads\/2025\/02\/11-Mussings-II.a.blogjpg-24x48.jpg 24w\" sizes=\"auto, (max-width: 393px) 100vw, 393px\" \/><figcaption id=\"caption-attachment-6824\" class=\"wp-caption-text\">Elin Noble &amp; Lasse Antonsen: &#8220;Mussings II&#8221;, photo taken at the exhibition in the High Five Art Gallery in Baarle Nassau, The Netherlands<\/figcaption><\/figure>\n<figure id=\"attachment_6828\" aria-describedby=\"caption-attachment-6828\" style=\"width: 1060px\" class=\"wp-caption alignnone\"><img loading=\"lazy\" decoding=\"async\" class=\"size-full wp-image-6828\" src=\"https:\/\/www.textile-forum-blog.org\/wp-content\/uploads\/2025\/02\/4W0A4726.b.blog_-scaled.jpg\" alt=\"\" width=\"1060\" height=\"2560\" srcset=\"https:\/\/www.textile-forum-blog.org\/wp-content\/uploads\/2025\/02\/4W0A4726.b.blog_-scaled.jpg 1060w, https:\/\/www.textile-forum-blog.org\/wp-content\/uploads\/2025\/02\/4W0A4726.b.blog_-124x300.jpg 124w, https:\/\/www.textile-forum-blog.org\/wp-content\/uploads\/2025\/02\/4W0A4726.b.blog_-424x1024.jpg 424w, https:\/\/www.textile-forum-blog.org\/wp-content\/uploads\/2025\/02\/4W0A4726.b.blog_-768x1854.jpg 768w, https:\/\/www.textile-forum-blog.org\/wp-content\/uploads\/2025\/02\/4W0A4726.b.blog_-636x1536.jpg 636w, https:\/\/www.textile-forum-blog.org\/wp-content\/uploads\/2025\/02\/4W0A4726.b.blog_-848x2048.jpg 848w, https:\/\/www.textile-forum-blog.org\/wp-content\/uploads\/2025\/02\/4W0A4726.b.blog_-10x24.jpg 10w, https:\/\/www.textile-forum-blog.org\/wp-content\/uploads\/2025\/02\/4W0A4726.b.blog_-15x36.jpg 15w, https:\/\/www.textile-forum-blog.org\/wp-content\/uploads\/2025\/02\/4W0A4726.b.blog_-20x48.jpg 20w\" sizes=\"auto, (max-width: 1060px) 100vw, 1060px\" \/><figcaption id=\"caption-attachment-6828\" class=\"wp-caption-text\">Elin Noble &amp; Lasse Antonsen&#8221;The Apple Tree&#8221; project, made from the test strips of the dyeing, photo Lasse Antonsen<\/figcaption><\/figure>\n<figure id=\"attachment_6830\" aria-describedby=\"caption-attachment-6830\" style=\"width: 800px\" class=\"wp-caption alignnone\"><img loading=\"lazy\" decoding=\"async\" class=\"size-full wp-image-6830\" src=\"https:\/\/www.textile-forum-blog.org\/wp-content\/uploads\/2025\/02\/4W0A4777.a.blog_.jpg\" alt=\"\" width=\"800\" height=\"1189\" srcset=\"https:\/\/www.textile-forum-blog.org\/wp-content\/uploads\/2025\/02\/4W0A4777.a.blog_.jpg 800w, https:\/\/www.textile-forum-blog.org\/wp-content\/uploads\/2025\/02\/4W0A4777.a.blog_-202x300.jpg 202w, https:\/\/www.textile-forum-blog.org\/wp-content\/uploads\/2025\/02\/4W0A4777.a.blog_-689x1024.jpg 689w, https:\/\/www.textile-forum-blog.org\/wp-content\/uploads\/2025\/02\/4W0A4777.a.blog_-768x1141.jpg 768w, https:\/\/www.textile-forum-blog.org\/wp-content\/uploads\/2025\/02\/4W0A4777.a.blog_-16x24.jpg 16w, https:\/\/www.textile-forum-blog.org\/wp-content\/uploads\/2025\/02\/4W0A4777.a.blog_-24x36.jpg 24w, https:\/\/www.textile-forum-blog.org\/wp-content\/uploads\/2025\/02\/4W0A4777.a.blog_-32x48.jpg 32w\" sizes=\"auto, (max-width: 800px) 100vw, 800px\" \/><figcaption id=\"caption-attachment-6830\" class=\"wp-caption-text\">Elin Noble &amp; Lasse Antonsen&#8221;The Apple Tree&#8221; project, made from the test strips of the dyeing, photo Lasse Antonsen<\/figcaption><\/figure>\n<figure id=\"attachment_6829\" aria-describedby=\"caption-attachment-6829\" style=\"width: 800px\" class=\"wp-caption alignnone\"><img loading=\"lazy\" decoding=\"async\" class=\"size-full wp-image-6829\" src=\"https:\/\/www.textile-forum-blog.org\/wp-content\/uploads\/2025\/02\/IMG_9788.a.blog_.jpg\" alt=\"\" width=\"800\" height=\"382\" srcset=\"https:\/\/www.textile-forum-blog.org\/wp-content\/uploads\/2025\/02\/IMG_9788.a.blog_.jpg 800w, https:\/\/www.textile-forum-blog.org\/wp-content\/uploads\/2025\/02\/IMG_9788.a.blog_-300x143.jpg 300w, https:\/\/www.textile-forum-blog.org\/wp-content\/uploads\/2025\/02\/IMG_9788.a.blog_-768x367.jpg 768w, https:\/\/www.textile-forum-blog.org\/wp-content\/uploads\/2025\/02\/IMG_9788.a.blog_-24x11.jpg 24w, https:\/\/www.textile-forum-blog.org\/wp-content\/uploads\/2025\/02\/IMG_9788.a.blog_-36x17.jpg 36w, https:\/\/www.textile-forum-blog.org\/wp-content\/uploads\/2025\/02\/IMG_9788.a.blog_-48x23.jpg 48w\" sizes=\"auto, (max-width: 800px) 100vw, 800px\" \/><figcaption id=\"caption-attachment-6829\" class=\"wp-caption-text\">View at the Gallery High Five in Baarle Nassau, the Netherlands, exhibition of &#8220;The Apple Tree on the abandoned Railroad Line&#8221; July\/August 2023; photo Lasse Antonsen<\/figcaption><\/figure>\n<figure id=\"attachment_6832\" aria-describedby=\"caption-attachment-6832\" style=\"width: 800px\" class=\"wp-caption alignnone\"><img loading=\"lazy\" decoding=\"async\" class=\"size-full wp-image-6832\" src=\"https:\/\/www.textile-forum-blog.org\/wp-content\/uploads\/2025\/02\/P1480294a.blog_.jpg\" alt=\"\" width=\"800\" height=\"1458\" srcset=\"https:\/\/www.textile-forum-blog.org\/wp-content\/uploads\/2025\/02\/P1480294a.blog_.jpg 800w, https:\/\/www.textile-forum-blog.org\/wp-content\/uploads\/2025\/02\/P1480294a.blog_-165x300.jpg 165w, https:\/\/www.textile-forum-blog.org\/wp-content\/uploads\/2025\/02\/P1480294a.blog_-562x1024.jpg 562w, https:\/\/www.textile-forum-blog.org\/wp-content\/uploads\/2025\/02\/P1480294a.blog_-768x1400.jpg 768w, https:\/\/www.textile-forum-blog.org\/wp-content\/uploads\/2025\/02\/P1480294a.blog_-13x24.jpg 13w, https:\/\/www.textile-forum-blog.org\/wp-content\/uploads\/2025\/02\/P1480294a.blog_-20x36.jpg 20w, https:\/\/www.textile-forum-blog.org\/wp-content\/uploads\/2025\/02\/P1480294a.blog_-26x48.jpg 26w\" sizes=\"auto, (max-width: 800px) 100vw, 800px\" \/><figcaption id=\"caption-attachment-6832\" class=\"wp-caption-text\">Elin Noble &amp; Lasse Antonsen&#8221;The Apple Tree&#8221; project, made from the test strips of the dyeing, photo Beatrijs Sterk<\/figcaption><\/figure>\n<figure id=\"attachment_6833\" aria-describedby=\"caption-attachment-6833\" style=\"width: 800px\" class=\"wp-caption alignnone\"><img loading=\"lazy\" decoding=\"async\" class=\"size-full wp-image-6833\" src=\"https:\/\/www.textile-forum-blog.org\/wp-content\/uploads\/2025\/02\/IMG_2027-2a.blog_.jpg\" alt=\"\" width=\"800\" height=\"1247\" srcset=\"https:\/\/www.textile-forum-blog.org\/wp-content\/uploads\/2025\/02\/IMG_2027-2a.blog_.jpg 800w, https:\/\/www.textile-forum-blog.org\/wp-content\/uploads\/2025\/02\/IMG_2027-2a.blog_-192x300.jpg 192w, https:\/\/www.textile-forum-blog.org\/wp-content\/uploads\/2025\/02\/IMG_2027-2a.blog_-657x1024.jpg 657w, https:\/\/www.textile-forum-blog.org\/wp-content\/uploads\/2025\/02\/IMG_2027-2a.blog_-768x1197.jpg 768w, https:\/\/www.textile-forum-blog.org\/wp-content\/uploads\/2025\/02\/IMG_2027-2a.blog_-15x24.jpg 15w, https:\/\/www.textile-forum-blog.org\/wp-content\/uploads\/2025\/02\/IMG_2027-2a.blog_-23x36.jpg 23w, https:\/\/www.textile-forum-blog.org\/wp-content\/uploads\/2025\/02\/IMG_2027-2a.blog_-31x48.jpg 31w\" sizes=\"auto, (max-width: 800px) 100vw, 800px\" \/><figcaption id=\"caption-attachment-6833\" class=\"wp-caption-text\">Elin Noble &amp; Lasse Antonsen&#8221;The Apple Tree&#8221; project,in this work the overlapping of the color stripes and the contraststandsout. Photo Beatrijs Sterk<\/figcaption><\/figure>\n<figure id=\"attachment_6834\" aria-describedby=\"caption-attachment-6834\" style=\"width: 800px\" class=\"wp-caption alignnone\"><img loading=\"lazy\" decoding=\"async\" class=\"size-full wp-image-6834\" src=\"https:\/\/www.textile-forum-blog.org\/wp-content\/uploads\/2025\/02\/IMG_2019-2a.blog_.jpg\" alt=\"\" width=\"800\" height=\"1145\" srcset=\"https:\/\/www.textile-forum-blog.org\/wp-content\/uploads\/2025\/02\/IMG_2019-2a.blog_.jpg 800w, https:\/\/www.textile-forum-blog.org\/wp-content\/uploads\/2025\/02\/IMG_2019-2a.blog_-210x300.jpg 210w, https:\/\/www.textile-forum-blog.org\/wp-content\/uploads\/2025\/02\/IMG_2019-2a.blog_-715x1024.jpg 715w, https:\/\/www.textile-forum-blog.org\/wp-content\/uploads\/2025\/02\/IMG_2019-2a.blog_-768x1099.jpg 768w, https:\/\/www.textile-forum-blog.org\/wp-content\/uploads\/2025\/02\/IMG_2019-2a.blog_-17x24.jpg 17w, https:\/\/www.textile-forum-blog.org\/wp-content\/uploads\/2025\/02\/IMG_2019-2a.blog_-25x36.jpg 25w, https:\/\/www.textile-forum-blog.org\/wp-content\/uploads\/2025\/02\/IMG_2019-2a.blog_-34x48.jpg 34w\" sizes=\"auto, (max-width: 800px) 100vw, 800px\" \/><figcaption id=\"caption-attachment-6834\" class=\"wp-caption-text\">Elin Noble &amp; Lasse Antonsen&#8221;The Apple Tree&#8221; project, overlapping colors in yellow, orange and dark grey; photo Beatrijs Sterk<\/figcaption><\/figure>\n<p><figure id=\"attachment_6835\" aria-describedby=\"caption-attachment-6835\" style=\"width: 800px\" class=\"wp-caption alignnone\"><img loading=\"lazy\" decoding=\"async\" class=\"size-full wp-image-6835\" src=\"https:\/\/www.textile-forum-blog.org\/wp-content\/uploads\/2025\/02\/IMG_1999-2a.blog_.jpg\" alt=\"\" width=\"800\" height=\"1450\" srcset=\"https:\/\/www.textile-forum-blog.org\/wp-content\/uploads\/2025\/02\/IMG_1999-2a.blog_.jpg 800w, https:\/\/www.textile-forum-blog.org\/wp-content\/uploads\/2025\/02\/IMG_1999-2a.blog_-166x300.jpg 166w, https:\/\/www.textile-forum-blog.org\/wp-content\/uploads\/2025\/02\/IMG_1999-2a.blog_-565x1024.jpg 565w, https:\/\/www.textile-forum-blog.org\/wp-content\/uploads\/2025\/02\/IMG_1999-2a.blog_-768x1392.jpg 768w, https:\/\/www.textile-forum-blog.org\/wp-content\/uploads\/2025\/02\/IMG_1999-2a.blog_-13x24.jpg 13w, https:\/\/www.textile-forum-blog.org\/wp-content\/uploads\/2025\/02\/IMG_1999-2a.blog_-20x36.jpg 20w, https:\/\/www.textile-forum-blog.org\/wp-content\/uploads\/2025\/02\/IMG_1999-2a.blog_-26x48.jpg 26w\" sizes=\"auto, (max-width: 800px) 100vw, 800px\" \/><figcaption id=\"caption-attachment-6835\" class=\"wp-caption-text\">Elin Noble &amp; Lasse Antonsen&#8221;The Apple Tree&#8221; project, here the end of the cloth are submerged in iron (grey) and titanium (orange) solutions; photo Beatrijs Sterk<\/figcaption><\/figure><\/p>","protected":false},"excerpt":{"rendered":"<p>Der Apfelbaum auf der verlassenen Eisenbahnlinie Ausstellung im Workshop Hannover, Zentrum f\u00fcr Kreatives Gestalten, Lister Meile 4, 30161 Hannover, von 19 Mai bis 7 September, 2025; Er\u00f6ffnung 18.5 um 19&#8230;<\/p>\n","protected":false},"author":1,"featured_media":6841,"comment_status":"closed","ping_status":"closed","sticky":false,"template":"","format":"standard","meta":{"footnotes":""},"categories":[12],"tags":[277,274,275,276,273],"class_list":["post-6837","post","type-post","status-publish","format-standard","has-post-thumbnail","hentry","category-exhibitions","tag-dyeing","tag-elin-noble","tag-lasse-antonsen","tag-silk","tag-the-apple-tree-on-the-abandoned-railway-line"],"_links":{"self":[{"href":"https:\/\/www.textile-forum-blog.org\/de\/wp-json\/wp\/v2\/posts\/6837","targetHints":{"allow":["GET"]}}],"collection":[{"href":"https:\/\/www.textile-forum-blog.org\/de\/wp-json\/wp\/v2\/posts"}],"about":[{"href":"https:\/\/www.textile-forum-blog.org\/de\/wp-json\/wp\/v2\/types\/post"}],"author":[{"embeddable":true,"href":"https:\/\/www.textile-forum-blog.org\/de\/wp-json\/wp\/v2\/users\/1"}],"replies":[{"embeddable":true,"href":"https:\/\/www.textile-forum-blog.org\/de\/wp-json\/wp\/v2\/comments?post=6837"}],"version-history":[{"count":5,"href":"https:\/\/www.textile-forum-blog.org\/de\/wp-json\/wp\/v2\/posts\/6837\/revisions"}],"predecessor-version":[{"id":7058,"href":"https:\/\/www.textile-forum-blog.org\/de\/wp-json\/wp\/v2\/posts\/6837\/revisions\/7058"}],"wp:featuredmedia":[{"embeddable":true,"href":"https:\/\/www.textile-forum-blog.org\/de\/wp-json\/wp\/v2\/media\/6841"}],"wp:attachment":[{"href":"https:\/\/www.textile-forum-blog.org\/de\/wp-json\/wp\/v2\/media?parent=6837"}],"wp:term":[{"taxonomy":"category","embeddable":true,"href":"https:\/\/www.textile-forum-blog.org\/de\/wp-json\/wp\/v2\/categories?post=6837"},{"taxonomy":"post_tag","embeddable":true,"href":"https:\/\/www.textile-forum-blog.org\/de\/wp-json\/wp\/v2\/tags?post=6837"}],"curies":[{"name":"wp","href":"https:\/\/api.w.org\/{rel}","templated":true}]}}