{"id":5993,"date":"2023-11-14T22:04:10","date_gmt":"2023-11-14T21:04:10","guid":{"rendered":"https:\/\/www.textile-forum-blog.org\/?p=5993"},"modified":"2023-11-26T18:09:49","modified_gmt":"2023-11-26T17:09:49","slug":"kunst-stoff-art-fabric-textile-as-material-for-art","status":"publish","type":"post","link":"https:\/\/www.textile-forum-blog.org\/de\/2023\/11\/kunst-stoff-art-fabric-textile-as-material-for-art\/","title":{"rendered":"Kunst Stoff \u2013 Textil als Material f\u00fcr Kunst"},"content":{"rendered":"<p><figure id=\"attachment_5977\" aria-describedby=\"caption-attachment-5977\" style=\"width: 800px\" class=\"wp-caption alignnone\"><img loading=\"lazy\" decoding=\"async\" class=\"size-full wp-image-5977\" src=\"https:\/\/www.textile-forum-blog.org\/wp-content\/uploads\/2023\/11\/Abakanowicz.blog_.png\" alt=\"\" width=\"800\" height=\"916\" srcset=\"https:\/\/www.textile-forum-blog.org\/wp-content\/uploads\/2023\/11\/Abakanowicz.blog_.png 800w, https:\/\/www.textile-forum-blog.org\/wp-content\/uploads\/2023\/11\/Abakanowicz.blog_-262x300.png 262w, https:\/\/www.textile-forum-blog.org\/wp-content\/uploads\/2023\/11\/Abakanowicz.blog_-768x879.png 768w, https:\/\/www.textile-forum-blog.org\/wp-content\/uploads\/2023\/11\/Abakanowicz.blog_-21x24.png 21w, https:\/\/www.textile-forum-blog.org\/wp-content\/uploads\/2023\/11\/Abakanowicz.blog_-31x36.png 31w, https:\/\/www.textile-forum-blog.org\/wp-content\/uploads\/2023\/11\/Abakanowicz.blog_-42x48.png 42w\" sizes=\"auto, (max-width: 800px) 100vw, 800px\" \/><figcaption id=\"caption-attachment-5977\" class=\"wp-caption-text\">Magdalena Abakanowicz: Abakan red 1, 1970 &#8211; 73; photo Beatrijs Sterk<\/figcaption><\/figure><\/p>\n<h2 style=\"font-weight: 400;\">Kunst Stoff \u2013 Textil als Material f\u00fcr Kunst, vom 16. September bis 28. Januar 2024<\/h2>\n<p style=\"font-weight: 400;\">Diese Ausstellung, die so viele bekannte Ikonen der Textilkunst zeigt, entstand aus einer Kooperation zum Thema Skulptur zwischen zwei Kunsth\u00e4usern, der Kunsthalle Vogelmann in Heilbronn (wo die Ausstellung erstmals gezeigt wurde) und der Kunsthalle Emden. Zwei Kuratorinnen, Barbara Martin und Kristin Schrader, wollten textile Skulpturen erforschen, auch weil materialbezogene Kunst in letzter Zeit mehr Aufmerksamkeit erh\u00e4lt. Die beiden Kuratoren haben gr\u00fcndlich recherchiert, sie seien \u00fcberrascht gewesen, wie wenig systematisch zu dieser Kunst erforscht worden sei, was m\u00f6glicherweise an der Unterteilung in angewandte und bildende Kunst liege, schreiben sie. Sie beginnen mit Gottfried Semper, f\u00fcr den die Textilkunst die grundlegende Kunstform war, sie erw\u00e4hnen das Bauhaus und die Fiber Art-Bewegung der 60er und 70er Jahre und sie sind sich auch der neueren Textilkunst bewusst. Sie sehen einen Auftritt textiler Kunst auf der <strong>documenta 13 (2012) und 14 (2017)<\/strong> (<a href=\"https:\/\/www.textile-forum-blog.org\/2017\/06\/documenta-2017-in-kassel\/\">https:\/\/www.textile-forum-blog.org\/2017\/06\/documenta-2017-in-kassel\/<\/a>), erw\u00e4hnen aber nicht die Biennale von Venedig, wo 2017 ein gro\u00dfer Teil der von Christine Macel kuratierten Ausstellung textilbezogen war (<a href=\"https:\/\/www.textile-forum-blog.org\/2017\/06\/biennale-arte-2017-in-venice\">https:\/\/www.textile-forum-blog.org\/2017\/06\/biennale-arte-2017-in-venice<\/a>). \/). Sie waren sich auch der vielen Ausstellungen zum Thema Textilkunst bewusst (seit 2014 in Kontinentaleuropa, wie ich es sehe). Warum sieht es dann aus, als k\u00e4me diese Ausstellung mindestens ein Jahrzehnt zu sp\u00e4t, wenn nicht l\u00e4nger?<\/p>\n<p>Wieder einmal besch\u00e4ftigen sich einige Kuratoren aus der bildenden Kunst mit Textilkunst und tun so, als ob sie etwas v\u00f6llig Neues entdecken w\u00fcrden! Dies war auch bei der Ausstellung \u201eThread and Making\u201c im Jahr 2017 bei Turner Contemporary in Margate\/UK der Fall, die nach \u201eForgotten Artists(vergessenen K\u00fcnstler)\u201c suchten und dabei feststellten, dass es sich\u00a0 allesamt um Frauen handelte, die mit Textilien arbeiteten!( <a href=\"https:\/\/www.textile-forum-blog.org\/de\/2017\/05\/entangled-threads-and-making\/\">https:\/\/www.textile-forum-blog.org\/de\/2017\/05\/entangled-threads-and-making\/<\/a>)Auch die Kuratoren der wirklich gut recherchierten Ausstellung \u201eKunst &amp; Textil\u201c 2014 im Kunstmuseum Wolfsburg wollten ihre Arbeit nicht nur als Erkundung der Bedeutung von Textilien, sondern auch als \u201eNeufassung\u201c der Geschichte der modernen Kunst verstanden wissen. Mir ist bewusst, dass es viel Wissen \u00fcber Textilkunst gibt, wenn auch leider nicht in regul\u00e4ren kunsthistorischen Ver\u00f6ffentlichungen. Textilkunst galt \u00fcblicherweise als Kunsthandwerk, Frauensachen oder weibliche Hausarbeit. Warum sollten die Betreiberinnen dieses Handwerks also als wichtige Informationsquellen angesehen werden? (<a href=\"https:\/\/www.textile-forum-blog.org\/2013\/12\/art-textiles\/\">https:\/\/www.textile-forum-blog.org\/2013\/12\/art-textiles\/<\/a>)<\/p>\n<p>Vergleicht man die aktuelle Ausstellung in Emden mit der von Wolfsburg und Margate, wirkte sie wie ein provinzieller Versuch, mehr oder weniger das Gleiche zu tun wie die beiden oben genannten Museen.Doch was f\u00fcr den Textilkunstliebhaber eher entt\u00e4uschend ist, kann f\u00fcr die breite \u00d6ffentlichkeit dennoch gut sein. Um ikonische Textilkunstwerke wie die von Magdalena Abakanowicz, Lenore Tawney, Sonia Delaunay, Sheila Hicks usw. und andere in Kontrast mit der Arbeit j\u00fcngerer zeitgen\u00f6ssischer K\u00fcnstler die Textilien verwenden, sehen zu k\u00f6nnen, ist wirklich sch\u00f6n. Besonders gut gefielen mir zum Beispiel die Jacquardwebarbeiten von Vincent Vulsma aus den Niederlanden und die Kreativit\u00e4t in den Werken von Anna Eisermann, einer in Deutschland lebenden ukrainischen K\u00fcnstlerin.<\/p>\n<p>Es gibt leider noch ein paar Anmerkungen zur Kuratierung; Die Beleuchtung war nicht auseichend, zu wenig Licht um die Werke vollst\u00e4ndig zu sehen (z. B. war die R\u00fcckseite des sch\u00f6nen roten Abakan, um den man herumlaufen muss, nicht beleuchtet!), die Beschreibungen befanden sich nicht neben den Werken und ohne genaue Angabe um welches Werk es sich handelte. Auch fehlten die Angaben zur Technik. Es w\u00e4re besser wenn die Beschreibungen f\u00fcr ausl\u00e4ndische Besucher auch auf Englisch zu lesen w\u00e4ren (bei unserem Besuch waren einige niederl\u00e4ndische Besucher anwesend).Dennoch war es die lange Zugfahrt nach Emden wert, so viele ikonische Werken der Textilkunst zusammen mit neuen Arbeiten j\u00fcngerer K\u00fcnstler zu sehen.<\/p>\n<p>Beatrijs Sterk<\/p>\n<figure id=\"attachment_5979\" aria-describedby=\"caption-attachment-5979\" style=\"width: 800px\" class=\"wp-caption alignnone\"><img loading=\"lazy\" decoding=\"async\" class=\"size-full wp-image-5979\" src=\"https:\/\/www.textile-forum-blog.org\/wp-content\/uploads\/2023\/11\/Dawo.2.blog_.png\" alt=\"\" width=\"800\" height=\"977\" srcset=\"https:\/\/www.textile-forum-blog.org\/wp-content\/uploads\/2023\/11\/Dawo.2.blog_.png 800w, https:\/\/www.textile-forum-blog.org\/wp-content\/uploads\/2023\/11\/Dawo.2.blog_-246x300.png 246w, https:\/\/www.textile-forum-blog.org\/wp-content\/uploads\/2023\/11\/Dawo.2.blog_-768x938.png 768w, https:\/\/www.textile-forum-blog.org\/wp-content\/uploads\/2023\/11\/Dawo.2.blog_-20x24.png 20w, https:\/\/www.textile-forum-blog.org\/wp-content\/uploads\/2023\/11\/Dawo.2.blog_-29x36.png 29w, https:\/\/www.textile-forum-blog.org\/wp-content\/uploads\/2023\/11\/Dawo.2.blog_-39x48.png 39w\" sizes=\"auto, (max-width: 800px) 100vw, 800px\" \/><figcaption id=\"caption-attachment-5979\" class=\"wp-caption-text\">Sofie Dawo: untitled, undated; photo Beatrijs Sterk<\/figcaption><\/figure>\n<figure id=\"attachment_5975\" aria-describedby=\"caption-attachment-5975\" style=\"width: 384px\" class=\"wp-caption aligncenter\"><img loading=\"lazy\" decoding=\"async\" class=\"size-full wp-image-5975\" src=\"https:\/\/www.textile-forum-blog.org\/wp-content\/uploads\/2023\/11\/Dawo.blog_.png\" alt=\"\" width=\"384\" height=\"800\" srcset=\"https:\/\/www.textile-forum-blog.org\/wp-content\/uploads\/2023\/11\/Dawo.blog_.png 384w, https:\/\/www.textile-forum-blog.org\/wp-content\/uploads\/2023\/11\/Dawo.blog_-144x300.png 144w, https:\/\/www.textile-forum-blog.org\/wp-content\/uploads\/2023\/11\/Dawo.blog_-12x24.png 12w, https:\/\/www.textile-forum-blog.org\/wp-content\/uploads\/2023\/11\/Dawo.blog_-17x36.png 17w, https:\/\/www.textile-forum-blog.org\/wp-content\/uploads\/2023\/11\/Dawo.blog_-23x48.png 23w\" sizes=\"auto, (max-width: 384px) 100vw, 384px\" \/><figcaption id=\"caption-attachment-5975\" class=\"wp-caption-text\">Sofie Dawo: Untitled, 1970; photo Beatrijs Sterk<\/figcaption><\/figure>\n<figure id=\"attachment_5983\" aria-describedby=\"caption-attachment-5983\" style=\"width: 800px\" class=\"wp-caption alignnone\"><img loading=\"lazy\" decoding=\"async\" class=\"size-full wp-image-5983\" src=\"https:\/\/www.textile-forum-blog.org\/wp-content\/uploads\/2023\/11\/Jakobi.blog_.png\" alt=\"\" width=\"800\" height=\"695\" srcset=\"https:\/\/www.textile-forum-blog.org\/wp-content\/uploads\/2023\/11\/Jakobi.blog_.png 800w, https:\/\/www.textile-forum-blog.org\/wp-content\/uploads\/2023\/11\/Jakobi.blog_-300x261.png 300w, https:\/\/www.textile-forum-blog.org\/wp-content\/uploads\/2023\/11\/Jakobi.blog_-768x667.png 768w, https:\/\/www.textile-forum-blog.org\/wp-content\/uploads\/2023\/11\/Jakobi.blog_-24x21.png 24w, https:\/\/www.textile-forum-blog.org\/wp-content\/uploads\/2023\/11\/Jakobi.blog_-36x31.png 36w, https:\/\/www.textile-forum-blog.org\/wp-content\/uploads\/2023\/11\/Jakobi.blog_-48x42.png 48w\" sizes=\"auto, (max-width: 800px) 100vw, 800px\" \/><figcaption id=\"caption-attachment-5983\" class=\"wp-caption-text\">Peter and Ritzi Jacobi:&#8221;Ileandra&#8221;, 1974; photo Beatrijs Sterk<\/figcaption><\/figure>\n<figure id=\"attachment_5967\" aria-describedby=\"caption-attachment-5967\" style=\"width: 800px\" class=\"wp-caption alignnone\"><img loading=\"lazy\" decoding=\"async\" class=\"size-full wp-image-5967\" src=\"https:\/\/www.textile-forum-blog.org\/wp-content\/uploads\/2023\/11\/Tawney.2.blog_.png\" alt=\"\" width=\"800\" height=\"724\" srcset=\"https:\/\/www.textile-forum-blog.org\/wp-content\/uploads\/2023\/11\/Tawney.2.blog_.png 800w, https:\/\/www.textile-forum-blog.org\/wp-content\/uploads\/2023\/11\/Tawney.2.blog_-300x272.png 300w, https:\/\/www.textile-forum-blog.org\/wp-content\/uploads\/2023\/11\/Tawney.2.blog_-768x695.png 768w, https:\/\/www.textile-forum-blog.org\/wp-content\/uploads\/2023\/11\/Tawney.2.blog_-24x22.png 24w, https:\/\/www.textile-forum-blog.org\/wp-content\/uploads\/2023\/11\/Tawney.2.blog_-36x33.png 36w, https:\/\/www.textile-forum-blog.org\/wp-content\/uploads\/2023\/11\/Tawney.2.blog_-48x43.png 48w\" sizes=\"auto, (max-width: 800px) 100vw, 800px\" \/><figcaption id=\"caption-attachment-5967\" class=\"wp-caption-text\">Lenore Tawney:&#8221;Union of Water and Fire&#8221;, 1974; photo Beatrijs Sterk<\/figcaption><\/figure>\n<figure id=\"attachment_5976\" aria-describedby=\"caption-attachment-5976\" style=\"width: 278px\" class=\"wp-caption aligncenter\"><img loading=\"lazy\" decoding=\"async\" class=\"size-full wp-image-5976\" src=\"https:\/\/www.textile-forum-blog.org\/wp-content\/uploads\/2023\/11\/Tawney.blog_.png\" alt=\"\" width=\"278\" height=\"800\" srcset=\"https:\/\/www.textile-forum-blog.org\/wp-content\/uploads\/2023\/11\/Tawney.blog_.png 278w, https:\/\/www.textile-forum-blog.org\/wp-content\/uploads\/2023\/11\/Tawney.blog_-104x300.png 104w, https:\/\/www.textile-forum-blog.org\/wp-content\/uploads\/2023\/11\/Tawney.blog_-8x24.png 8w, https:\/\/www.textile-forum-blog.org\/wp-content\/uploads\/2023\/11\/Tawney.blog_-13x36.png 13w, https:\/\/www.textile-forum-blog.org\/wp-content\/uploads\/2023\/11\/Tawney.blog_-17x48.png 17w\" sizes=\"auto, (max-width: 278px) 100vw, 278px\" \/><figcaption id=\"caption-attachment-5976\" class=\"wp-caption-text\">Lenore Tawney:&#8221;Acanthus&#8221;, 1962; photo Beatrijs Sterk<\/figcaption><\/figure>\n<figure id=\"attachment_5972\" aria-describedby=\"caption-attachment-5972\" style=\"width: 800px\" class=\"wp-caption alignnone\"><img loading=\"lazy\" decoding=\"async\" class=\"size-full wp-image-5972\" src=\"https:\/\/www.textile-forum-blog.org\/wp-content\/uploads\/2023\/11\/Albers.blog_.png\" alt=\"\" width=\"800\" height=\"1151\" srcset=\"https:\/\/www.textile-forum-blog.org\/wp-content\/uploads\/2023\/11\/Albers.blog_.png 800w, https:\/\/www.textile-forum-blog.org\/wp-content\/uploads\/2023\/11\/Albers.blog_-209x300.png 209w, https:\/\/www.textile-forum-blog.org\/wp-content\/uploads\/2023\/11\/Albers.blog_-712x1024.png 712w, https:\/\/www.textile-forum-blog.org\/wp-content\/uploads\/2023\/11\/Albers.blog_-768x1105.png 768w, https:\/\/www.textile-forum-blog.org\/wp-content\/uploads\/2023\/11\/Albers.blog_-17x24.png 17w, https:\/\/www.textile-forum-blog.org\/wp-content\/uploads\/2023\/11\/Albers.blog_-25x36.png 25w, https:\/\/www.textile-forum-blog.org\/wp-content\/uploads\/2023\/11\/Albers.blog_-33x48.png 33w\" sizes=\"auto, (max-width: 800px) 100vw, 800px\" \/><figcaption id=\"caption-attachment-5972\" class=\"wp-caption-text\">Anni Albers:&#8221;Vitara Rug I&#8221;1959, Ausf\u00fchrung durch Inge Brouard Brown; photo Beatrijs Sterk<\/figcaption><\/figure>\n<figure id=\"attachment_5985\" aria-describedby=\"caption-attachment-5985\" style=\"width: 800px\" class=\"wp-caption alignnone\"><img loading=\"lazy\" decoding=\"async\" class=\"size-full wp-image-5985\" src=\"https:\/\/www.textile-forum-blog.org\/wp-content\/uploads\/2023\/11\/Robert.Morris.blog_.png\" alt=\"\" width=\"800\" height=\"665\" srcset=\"https:\/\/www.textile-forum-blog.org\/wp-content\/uploads\/2023\/11\/Robert.Morris.blog_.png 800w, https:\/\/www.textile-forum-blog.org\/wp-content\/uploads\/2023\/11\/Robert.Morris.blog_-300x249.png 300w, https:\/\/www.textile-forum-blog.org\/wp-content\/uploads\/2023\/11\/Robert.Morris.blog_-768x638.png 768w, https:\/\/www.textile-forum-blog.org\/wp-content\/uploads\/2023\/11\/Robert.Morris.blog_-24x20.png 24w, https:\/\/www.textile-forum-blog.org\/wp-content\/uploads\/2023\/11\/Robert.Morris.blog_-36x30.png 36w, https:\/\/www.textile-forum-blog.org\/wp-content\/uploads\/2023\/11\/Robert.Morris.blog_-48x40.png 48w\" sizes=\"auto, (max-width: 800px) 100vw, 800px\" \/><figcaption id=\"caption-attachment-5985\" class=\"wp-caption-text\">Robert Morris: &#8220;Arachnid II&#8221;, 2016; photo Beatrijs Sterk<\/figcaption><\/figure>\n<figure id=\"attachment_5969\" aria-describedby=\"caption-attachment-5969\" style=\"width: 800px\" class=\"wp-caption alignnone\"><img loading=\"lazy\" decoding=\"async\" class=\"size-full wp-image-5969\" src=\"https:\/\/www.textile-forum-blog.org\/wp-content\/uploads\/2023\/11\/Vaziritabar.blog_.png\" alt=\"\" width=\"800\" height=\"542\" srcset=\"https:\/\/www.textile-forum-blog.org\/wp-content\/uploads\/2023\/11\/Vaziritabar.blog_.png 800w, https:\/\/www.textile-forum-blog.org\/wp-content\/uploads\/2023\/11\/Vaziritabar.blog_-300x203.png 300w, https:\/\/www.textile-forum-blog.org\/wp-content\/uploads\/2023\/11\/Vaziritabar.blog_-768x520.png 768w, https:\/\/www.textile-forum-blog.org\/wp-content\/uploads\/2023\/11\/Vaziritabar.blog_-24x16.png 24w, https:\/\/www.textile-forum-blog.org\/wp-content\/uploads\/2023\/11\/Vaziritabar.blog_-36x24.png 36w, https:\/\/www.textile-forum-blog.org\/wp-content\/uploads\/2023\/11\/Vaziritabar.blog_-48x33.png 48w\" sizes=\"auto, (max-width: 800px) 100vw, 800px\" \/><figcaption id=\"caption-attachment-5969\" class=\"wp-caption-text\">Farzane Vaziritabar:&#8221;One of Many&#8221;,2923; Kopft\u00fccher, Aufdruck, Textilketten, Holz; photo Beatrijs Sterk<\/figcaption><\/figure>\n<figure id=\"attachment_5970\" aria-describedby=\"caption-attachment-5970\" style=\"width: 800px\" class=\"wp-caption alignnone\"><img loading=\"lazy\" decoding=\"async\" class=\"size-full wp-image-5970\" src=\"https:\/\/www.textile-forum-blog.org\/wp-content\/uploads\/2023\/11\/Mukwazhi.blog_.png\" alt=\"\" width=\"800\" height=\"1117\" srcset=\"https:\/\/www.textile-forum-blog.org\/wp-content\/uploads\/2023\/11\/Mukwazhi.blog_.png 800w, https:\/\/www.textile-forum-blog.org\/wp-content\/uploads\/2023\/11\/Mukwazhi.blog_-215x300.png 215w, https:\/\/www.textile-forum-blog.org\/wp-content\/uploads\/2023\/11\/Mukwazhi.blog_-733x1024.png 733w, https:\/\/www.textile-forum-blog.org\/wp-content\/uploads\/2023\/11\/Mukwazhi.blog_-768x1072.png 768w, https:\/\/www.textile-forum-blog.org\/wp-content\/uploads\/2023\/11\/Mukwazhi.blog_-17x24.png 17w, https:\/\/www.textile-forum-blog.org\/wp-content\/uploads\/2023\/11\/Mukwazhi.blog_-26x36.png 26w, https:\/\/www.textile-forum-blog.org\/wp-content\/uploads\/2023\/11\/Mukwazhi.blog_-34x48.png 34w\" sizes=\"auto, (max-width: 800px) 100vw, 800px\" \/><figcaption id=\"caption-attachment-5970\" class=\"wp-caption-text\">Kreisch Mukwazhi: &#8220;Women Rise up and stand Firm&#8221;, 2022; photo Beatrijs Sterk<\/figcaption><\/figure>\n<figure id=\"attachment_5971\" aria-describedby=\"caption-attachment-5971\" style=\"width: 800px\" class=\"wp-caption alignnone\"><img loading=\"lazy\" decoding=\"async\" class=\"size-full wp-image-5971\" src=\"https:\/\/www.textile-forum-blog.org\/wp-content\/uploads\/2023\/11\/Sonia.Gomes_.blog_.png\" alt=\"\" width=\"800\" height=\"1066\" srcset=\"https:\/\/www.textile-forum-blog.org\/wp-content\/uploads\/2023\/11\/Sonia.Gomes_.blog_.png 800w, https:\/\/www.textile-forum-blog.org\/wp-content\/uploads\/2023\/11\/Sonia.Gomes_.blog_-225x300.png 225w, https:\/\/www.textile-forum-blog.org\/wp-content\/uploads\/2023\/11\/Sonia.Gomes_.blog_-768x1023.png 768w, https:\/\/www.textile-forum-blog.org\/wp-content\/uploads\/2023\/11\/Sonia.Gomes_.blog_-18x24.png 18w, https:\/\/www.textile-forum-blog.org\/wp-content\/uploads\/2023\/11\/Sonia.Gomes_.blog_-27x36.png 27w, https:\/\/www.textile-forum-blog.org\/wp-content\/uploads\/2023\/11\/Sonia.Gomes_.blog_-36x48.png 36w\" sizes=\"auto, (max-width: 800px) 100vw, 800px\" \/><figcaption id=\"caption-attachment-5971\" class=\"wp-caption-text\">Sonia Gomes&#8221;Pacotinho&#8221;, 2018; photo Beatrijs Sterk<\/figcaption><\/figure>\n<figure id=\"attachment_5974\" aria-describedby=\"caption-attachment-5974\" style=\"width: 800px\" class=\"wp-caption alignnone\"><img loading=\"lazy\" decoding=\"async\" class=\"size-full wp-image-5974\" src=\"https:\/\/www.textile-forum-blog.org\/wp-content\/uploads\/2023\/11\/Shonibare.blog_.png\" alt=\"\" width=\"800\" height=\"800\" srcset=\"https:\/\/www.textile-forum-blog.org\/wp-content\/uploads\/2023\/11\/Shonibare.blog_.png 800w, https:\/\/www.textile-forum-blog.org\/wp-content\/uploads\/2023\/11\/Shonibare.blog_-300x300.png 300w, https:\/\/www.textile-forum-blog.org\/wp-content\/uploads\/2023\/11\/Shonibare.blog_-200x200.png 200w, https:\/\/www.textile-forum-blog.org\/wp-content\/uploads\/2023\/11\/Shonibare.blog_-768x768.png 768w, https:\/\/www.textile-forum-blog.org\/wp-content\/uploads\/2023\/11\/Shonibare.blog_-24x24.png 24w, https:\/\/www.textile-forum-blog.org\/wp-content\/uploads\/2023\/11\/Shonibare.blog_-36x36.png 36w, https:\/\/www.textile-forum-blog.org\/wp-content\/uploads\/2023\/11\/Shonibare.blog_-48x48.png 48w\" sizes=\"auto, (max-width: 800px) 100vw, 800px\" \/><figcaption id=\"caption-attachment-5974\" class=\"wp-caption-text\">Yinka Shonibare:&#8221;Un Balla in Maschera&#8221;, (Gustav III and Anckastrom), 2004; photo Beatrijs Sterk<\/figcaption><\/figure>\n<figure id=\"attachment_5966\" aria-describedby=\"caption-attachment-5966\" style=\"width: 800px\" class=\"wp-caption alignnone\"><img loading=\"lazy\" decoding=\"async\" class=\"size-full wp-image-5966\" src=\"https:\/\/www.textile-forum-blog.org\/wp-content\/uploads\/2023\/11\/Vincent.Vulsma.blog_.png\" alt=\"\" width=\"800\" height=\"925\" srcset=\"https:\/\/www.textile-forum-blog.org\/wp-content\/uploads\/2023\/11\/Vincent.Vulsma.blog_.png 800w, https:\/\/www.textile-forum-blog.org\/wp-content\/uploads\/2023\/11\/Vincent.Vulsma.blog_-259x300.png 259w, https:\/\/www.textile-forum-blog.org\/wp-content\/uploads\/2023\/11\/Vincent.Vulsma.blog_-768x888.png 768w, https:\/\/www.textile-forum-blog.org\/wp-content\/uploads\/2023\/11\/Vincent.Vulsma.blog_-21x24.png 21w, https:\/\/www.textile-forum-blog.org\/wp-content\/uploads\/2023\/11\/Vincent.Vulsma.blog_-31x36.png 31w, https:\/\/www.textile-forum-blog.org\/wp-content\/uploads\/2023\/11\/Vincent.Vulsma.blog_-42x48.png 42w\" sizes=\"auto, (max-width: 800px) 100vw, 800px\" \/><figcaption id=\"caption-attachment-5966\" class=\"wp-caption-text\">Vincent Vulsma: &#8220;WE455 (VIII)&#8221;, 2011; photo Beatrijs Sterk<\/figcaption><\/figure>\n<figure id=\"attachment_5973\" aria-describedby=\"caption-attachment-5973\" style=\"width: 600px\" class=\"wp-caption aligncenter\"><img loading=\"lazy\" decoding=\"async\" class=\"size-full wp-image-5973\" src=\"https:\/\/www.textile-forum-blog.org\/wp-content\/uploads\/2023\/11\/Vincent.detail.blog_.png\" alt=\"\" width=\"600\" height=\"800\" srcset=\"https:\/\/www.textile-forum-blog.org\/wp-content\/uploads\/2023\/11\/Vincent.detail.blog_.png 600w, https:\/\/www.textile-forum-blog.org\/wp-content\/uploads\/2023\/11\/Vincent.detail.blog_-225x300.png 225w, https:\/\/www.textile-forum-blog.org\/wp-content\/uploads\/2023\/11\/Vincent.detail.blog_-18x24.png 18w, https:\/\/www.textile-forum-blog.org\/wp-content\/uploads\/2023\/11\/Vincent.detail.blog_-27x36.png 27w, https:\/\/www.textile-forum-blog.org\/wp-content\/uploads\/2023\/11\/Vincent.detail.blog_-36x48.png 36w\" sizes=\"auto, (max-width: 600px) 100vw, 600px\" \/><figcaption id=\"caption-attachment-5973\" class=\"wp-caption-text\">Vincent Vulsma: &#8220;WE455 (VIII)&#8221;,detail, 2011; photo Beatrijs Sterk<\/figcaption><\/figure>\n<figure id=\"attachment_5978\" aria-describedby=\"caption-attachment-5978\" style=\"width: 800px\" class=\"wp-caption alignnone\"><img loading=\"lazy\" decoding=\"async\" class=\"size-full wp-image-5978\" src=\"https:\/\/www.textile-forum-blog.org\/wp-content\/uploads\/2023\/11\/Barlow.blog_.png\" alt=\"\" width=\"800\" height=\"609\" srcset=\"https:\/\/www.textile-forum-blog.org\/wp-content\/uploads\/2023\/11\/Barlow.blog_.png 800w, https:\/\/www.textile-forum-blog.org\/wp-content\/uploads\/2023\/11\/Barlow.blog_-300x228.png 300w, https:\/\/www.textile-forum-blog.org\/wp-content\/uploads\/2023\/11\/Barlow.blog_-768x585.png 768w, https:\/\/www.textile-forum-blog.org\/wp-content\/uploads\/2023\/11\/Barlow.blog_-24x18.png 24w, https:\/\/www.textile-forum-blog.org\/wp-content\/uploads\/2023\/11\/Barlow.blog_-36x27.png 36w, https:\/\/www.textile-forum-blog.org\/wp-content\/uploads\/2023\/11\/Barlow.blog_-48x37.png 48w\" sizes=\"auto, (max-width: 800px) 100vw, 800px\" \/><figcaption id=\"caption-attachment-5978\" class=\"wp-caption-text\">Phylida Barlow: Untitled Installation (left side), 2017, folly, rag; photo Beatrijs Sterk<\/figcaption><\/figure>\n<figure id=\"attachment_5986\" aria-describedby=\"caption-attachment-5986\" style=\"width: 800px\" class=\"wp-caption alignnone\"><img loading=\"lazy\" decoding=\"async\" class=\"size-full wp-image-5986\" src=\"https:\/\/www.textile-forum-blog.org\/wp-content\/uploads\/2023\/11\/Hicks.blog_.png\" alt=\"\" width=\"800\" height=\"800\" srcset=\"https:\/\/www.textile-forum-blog.org\/wp-content\/uploads\/2023\/11\/Hicks.blog_.png 800w, https:\/\/www.textile-forum-blog.org\/wp-content\/uploads\/2023\/11\/Hicks.blog_-300x300.png 300w, https:\/\/www.textile-forum-blog.org\/wp-content\/uploads\/2023\/11\/Hicks.blog_-200x200.png 200w, https:\/\/www.textile-forum-blog.org\/wp-content\/uploads\/2023\/11\/Hicks.blog_-768x768.png 768w, https:\/\/www.textile-forum-blog.org\/wp-content\/uploads\/2023\/11\/Hicks.blog_-24x24.png 24w, https:\/\/www.textile-forum-blog.org\/wp-content\/uploads\/2023\/11\/Hicks.blog_-36x36.png 36w, https:\/\/www.textile-forum-blog.org\/wp-content\/uploads\/2023\/11\/Hicks.blog_-48x48.png 48w\" sizes=\"auto, (max-width: 800px) 100vw, 800px\" \/><figcaption id=\"caption-attachment-5986\" class=\"wp-caption-text\">Sheila Hicks:&#8221;Cobblestone III&#8221;, 2017; photo Beatrijs Sterk<\/figcaption><\/figure>\n<figure id=\"attachment_5981\" aria-describedby=\"caption-attachment-5981\" style=\"width: 800px\" class=\"wp-caption alignnone\"><img loading=\"lazy\" decoding=\"async\" class=\"size-full wp-image-5981\" src=\"https:\/\/www.textile-forum-blog.org\/wp-content\/uploads\/2023\/11\/Mobus.blog_.png\" alt=\"\" width=\"800\" height=\"603\" srcset=\"https:\/\/www.textile-forum-blog.org\/wp-content\/uploads\/2023\/11\/Mobus.blog_.png 800w, https:\/\/www.textile-forum-blog.org\/wp-content\/uploads\/2023\/11\/Mobus.blog_-300x226.png 300w, https:\/\/www.textile-forum-blog.org\/wp-content\/uploads\/2023\/11\/Mobus.blog_-768x579.png 768w, https:\/\/www.textile-forum-blog.org\/wp-content\/uploads\/2023\/11\/Mobus.blog_-24x18.png 24w, https:\/\/www.textile-forum-blog.org\/wp-content\/uploads\/2023\/11\/Mobus.blog_-36x27.png 36w, https:\/\/www.textile-forum-blog.org\/wp-content\/uploads\/2023\/11\/Mobus.blog_-48x36.png 48w\" sizes=\"auto, (max-width: 800px) 100vw, 800px\" \/><figcaption id=\"caption-attachment-5981\" class=\"wp-caption-text\">Christiane M\u00f6bus:&#8221;R\u00f6misch&#8221;, 1993; photo Beatrijs Sterk<\/figcaption><\/figure>\n<figure id=\"attachment_5982\" aria-describedby=\"caption-attachment-5982\" style=\"width: 800px\" class=\"wp-caption alignnone\"><img loading=\"lazy\" decoding=\"async\" class=\"size-full wp-image-5982\" src=\"https:\/\/www.textile-forum-blog.org\/wp-content\/uploads\/2023\/11\/Delaunay.blog_.png\" alt=\"\" width=\"800\" height=\"1066\" srcset=\"https:\/\/www.textile-forum-blog.org\/wp-content\/uploads\/2023\/11\/Delaunay.blog_.png 800w, https:\/\/www.textile-forum-blog.org\/wp-content\/uploads\/2023\/11\/Delaunay.blog_-225x300.png 225w, https:\/\/www.textile-forum-blog.org\/wp-content\/uploads\/2023\/11\/Delaunay.blog_-768x1023.png 768w, https:\/\/www.textile-forum-blog.org\/wp-content\/uploads\/2023\/11\/Delaunay.blog_-18x24.png 18w, https:\/\/www.textile-forum-blog.org\/wp-content\/uploads\/2023\/11\/Delaunay.blog_-27x36.png 27w, https:\/\/www.textile-forum-blog.org\/wp-content\/uploads\/2023\/11\/Delaunay.blog_-36x48.png 36w\" sizes=\"auto, (max-width: 800px) 100vw, 800px\" \/><figcaption id=\"caption-attachment-5982\" class=\"wp-caption-text\">Sonia Delaunay:&#8221;Hommage a Tristan Tzara&#8221;, Entwurf 1956, Ausf\u00fchrung 1967; photo Beatrijs Sterk<\/figcaption><\/figure>\n<figure id=\"attachment_5984\" aria-describedby=\"caption-attachment-5984\" style=\"width: 800px\" class=\"wp-caption alignnone\"><img loading=\"lazy\" decoding=\"async\" class=\"size-full wp-image-5984\" src=\"https:\/\/www.textile-forum-blog.org\/wp-content\/uploads\/2023\/11\/Besucher.2.blog_.png\" alt=\"\" width=\"800\" height=\"600\" srcset=\"https:\/\/www.textile-forum-blog.org\/wp-content\/uploads\/2023\/11\/Besucher.2.blog_.png 800w, https:\/\/www.textile-forum-blog.org\/wp-content\/uploads\/2023\/11\/Besucher.2.blog_-300x225.png 300w, https:\/\/www.textile-forum-blog.org\/wp-content\/uploads\/2023\/11\/Besucher.2.blog_-768x576.png 768w, https:\/\/www.textile-forum-blog.org\/wp-content\/uploads\/2023\/11\/Besucher.2.blog_-24x18.png 24w, https:\/\/www.textile-forum-blog.org\/wp-content\/uploads\/2023\/11\/Besucher.2.blog_-36x27.png 36w, https:\/\/www.textile-forum-blog.org\/wp-content\/uploads\/2023\/11\/Besucher.2.blog_-48x36.png 48w\" sizes=\"auto, (max-width: 800px) 100vw, 800px\" \/><figcaption id=\"caption-attachment-5984\" class=\"wp-caption-text\">View at the exhibition in Emden, to the right Marion Baruch:&#8221;La Galeriste&#8221;, 2017; photo Beatrijs Sterk<\/figcaption><\/figure>\n<figure id=\"attachment_5987\" aria-describedby=\"caption-attachment-5987\" style=\"width: 577px\" class=\"wp-caption alignnone\"><img loading=\"lazy\" decoding=\"async\" class=\"size-full wp-image-5987\" src=\"https:\/\/www.textile-forum-blog.org\/wp-content\/uploads\/2023\/11\/Beuys.blog_.png\" alt=\"\" width=\"577\" height=\"800\" srcset=\"https:\/\/www.textile-forum-blog.org\/wp-content\/uploads\/2023\/11\/Beuys.blog_.png 577w, https:\/\/www.textile-forum-blog.org\/wp-content\/uploads\/2023\/11\/Beuys.blog_-216x300.png 216w, https:\/\/www.textile-forum-blog.org\/wp-content\/uploads\/2023\/11\/Beuys.blog_-17x24.png 17w, https:\/\/www.textile-forum-blog.org\/wp-content\/uploads\/2023\/11\/Beuys.blog_-26x36.png 26w, https:\/\/www.textile-forum-blog.org\/wp-content\/uploads\/2023\/11\/Beuys.blog_-35x48.png 35w\" sizes=\"auto, (max-width: 577px) 100vw, 577px\" \/><figcaption id=\"caption-attachment-5987\" class=\"wp-caption-text\">Joseph Beuys: &#8220;Filzanzug&#8221;, 1970; photo Beatrijs Sterk<\/figcaption><\/figure>\n<figure id=\"attachment_5988\" aria-describedby=\"caption-attachment-5988\" style=\"width: 800px\" class=\"wp-caption alignnone\"><img loading=\"lazy\" decoding=\"async\" class=\"size-full wp-image-5988\" src=\"https:\/\/www.textile-forum-blog.org\/wp-content\/uploads\/2023\/11\/Pistoletto.blog_.png\" alt=\"\" width=\"800\" height=\"460\" srcset=\"https:\/\/www.textile-forum-blog.org\/wp-content\/uploads\/2023\/11\/Pistoletto.blog_.png 800w, https:\/\/www.textile-forum-blog.org\/wp-content\/uploads\/2023\/11\/Pistoletto.blog_-300x173.png 300w, https:\/\/www.textile-forum-blog.org\/wp-content\/uploads\/2023\/11\/Pistoletto.blog_-768x442.png 768w, https:\/\/www.textile-forum-blog.org\/wp-content\/uploads\/2023\/11\/Pistoletto.blog_-24x14.png 24w, https:\/\/www.textile-forum-blog.org\/wp-content\/uploads\/2023\/11\/Pistoletto.blog_-36x21.png 36w, https:\/\/www.textile-forum-blog.org\/wp-content\/uploads\/2023\/11\/Pistoletto.blog_-48x28.png 48w\" sizes=\"auto, (max-width: 800px) 100vw, 800px\" \/><figcaption id=\"caption-attachment-5988\" class=\"wp-caption-text\">Michelangelo Pistoletto: &#8220;Metamorfosi&#8221;, 1976 &#8211; 2013; photo Beatrijs Sterk<\/figcaption><\/figure>\n<figure id=\"attachment_5989\" aria-describedby=\"caption-attachment-5989\" style=\"width: 800px\" class=\"wp-caption alignnone\"><img loading=\"lazy\" decoding=\"async\" class=\"size-full wp-image-5989\" src=\"https:\/\/www.textile-forum-blog.org\/wp-content\/uploads\/2023\/11\/EIsermann.blog_.png\" alt=\"\" width=\"800\" height=\"800\" srcset=\"https:\/\/www.textile-forum-blog.org\/wp-content\/uploads\/2023\/11\/EIsermann.blog_.png 800w, https:\/\/www.textile-forum-blog.org\/wp-content\/uploads\/2023\/11\/EIsermann.blog_-300x300.png 300w, https:\/\/www.textile-forum-blog.org\/wp-content\/uploads\/2023\/11\/EIsermann.blog_-200x200.png 200w, https:\/\/www.textile-forum-blog.org\/wp-content\/uploads\/2023\/11\/EIsermann.blog_-768x768.png 768w, https:\/\/www.textile-forum-blog.org\/wp-content\/uploads\/2023\/11\/EIsermann.blog_-24x24.png 24w, https:\/\/www.textile-forum-blog.org\/wp-content\/uploads\/2023\/11\/EIsermann.blog_-36x36.png 36w, https:\/\/www.textile-forum-blog.org\/wp-content\/uploads\/2023\/11\/EIsermann.blog_-48x48.png 48w\" sizes=\"auto, (max-width: 800px) 100vw, 800px\" \/><figcaption id=\"caption-attachment-5989\" class=\"wp-caption-text\">Anna EIsermann ?; photo Beatrijs S<\/figcaption><\/figure>\n<figure id=\"attachment_5990\" aria-describedby=\"caption-attachment-5990\" style=\"width: 800px\" class=\"wp-caption alignnone\"><img loading=\"lazy\" decoding=\"async\" class=\"size-full wp-image-5990\" src=\"https:\/\/www.textile-forum-blog.org\/wp-content\/uploads\/2023\/11\/Trockel.1.blog_.png\" alt=\"\" width=\"800\" height=\"1003\" srcset=\"https:\/\/www.textile-forum-blog.org\/wp-content\/uploads\/2023\/11\/Trockel.1.blog_.png 800w, https:\/\/www.textile-forum-blog.org\/wp-content\/uploads\/2023\/11\/Trockel.1.blog_-239x300.png 239w, https:\/\/www.textile-forum-blog.org\/wp-content\/uploads\/2023\/11\/Trockel.1.blog_-768x963.png 768w, https:\/\/www.textile-forum-blog.org\/wp-content\/uploads\/2023\/11\/Trockel.1.blog_-19x24.png 19w, https:\/\/www.textile-forum-blog.org\/wp-content\/uploads\/2023\/11\/Trockel.1.blog_-29x36.png 29w, https:\/\/www.textile-forum-blog.org\/wp-content\/uploads\/2023\/11\/Trockel.1.blog_-38x48.png 38w\" sizes=\"auto, (max-width: 800px) 100vw, 800px\" \/><figcaption id=\"caption-attachment-5990\" class=\"wp-caption-text\">Rosemarie Trockel:&#8221;Freude&#8221;, 1988; photo Beatrijs Sterk<\/figcaption><\/figure>\n<figure id=\"attachment_5980\" aria-describedby=\"caption-attachment-5980\" style=\"width: 800px\" class=\"wp-caption alignnone\"><img loading=\"lazy\" decoding=\"async\" class=\"size-full wp-image-5980\" src=\"https:\/\/www.textile-forum-blog.org\/wp-content\/uploads\/2023\/11\/Besucher.blog_.png\" alt=\"\" width=\"800\" height=\"1067\" srcset=\"https:\/\/www.textile-forum-blog.org\/wp-content\/uploads\/2023\/11\/Besucher.blog_.png 800w, https:\/\/www.textile-forum-blog.org\/wp-content\/uploads\/2023\/11\/Besucher.blog_-225x300.png 225w, https:\/\/www.textile-forum-blog.org\/wp-content\/uploads\/2023\/11\/Besucher.blog_-768x1024.png 768w, https:\/\/www.textile-forum-blog.org\/wp-content\/uploads\/2023\/11\/Besucher.blog_-18x24.png 18w, https:\/\/www.textile-forum-blog.org\/wp-content\/uploads\/2023\/11\/Besucher.blog_-27x36.png 27w, https:\/\/www.textile-forum-blog.org\/wp-content\/uploads\/2023\/11\/Besucher.blog_-36x48.png 36w\" sizes=\"auto, (max-width: 800px) 100vw, 800px\" \/><figcaption id=\"caption-attachment-5980\" class=\"wp-caption-text\">View at the exhibition in Emden; in front &#8220;cobblestone &#8221; by Sheila Hicks; photo Beatrijs Sterk<\/figcaption><\/figure>\n<p style=\"font-weight: 400;\">\n<p><\/p>","protected":false},"excerpt":{"rendered":"<p>Kunst Stoff \u2013 Textil als Material f\u00fcr Kunst, vom 16. September bis 28. Januar 2024 Diese Ausstellung, die so viele bekannte Ikonen der Textilkunst zeigt, entstand aus einer Kooperation zum&#8230;<\/p>\n","protected":false},"author":1,"featured_media":5977,"comment_status":"closed","ping_status":"closed","sticky":false,"template":"","format":"standard","meta":{"footnotes":""},"categories":[12],"tags":[36,236],"class_list":["post-5993","post","type-post","status-publish","format-standard","has-post-thumbnail","hentry","category-exhibitions","tag-textile-art","tag-kunst-stoff-art-fabric"],"_links":{"self":[{"href":"https:\/\/www.textile-forum-blog.org\/de\/wp-json\/wp\/v2\/posts\/5993","targetHints":{"allow":["GET"]}}],"collection":[{"href":"https:\/\/www.textile-forum-blog.org\/de\/wp-json\/wp\/v2\/posts"}],"about":[{"href":"https:\/\/www.textile-forum-blog.org\/de\/wp-json\/wp\/v2\/types\/post"}],"author":[{"embeddable":true,"href":"https:\/\/www.textile-forum-blog.org\/de\/wp-json\/wp\/v2\/users\/1"}],"replies":[{"embeddable":true,"href":"https:\/\/www.textile-forum-blog.org\/de\/wp-json\/wp\/v2\/comments?post=5993"}],"version-history":[{"count":13,"href":"https:\/\/www.textile-forum-blog.org\/de\/wp-json\/wp\/v2\/posts\/5993\/revisions"}],"predecessor-version":[{"id":6019,"href":"https:\/\/www.textile-forum-blog.org\/de\/wp-json\/wp\/v2\/posts\/5993\/revisions\/6019"}],"wp:featuredmedia":[{"embeddable":true,"href":"https:\/\/www.textile-forum-blog.org\/de\/wp-json\/wp\/v2\/media\/5977"}],"wp:attachment":[{"href":"https:\/\/www.textile-forum-blog.org\/de\/wp-json\/wp\/v2\/media?parent=5993"}],"wp:term":[{"taxonomy":"category","embeddable":true,"href":"https:\/\/www.textile-forum-blog.org\/de\/wp-json\/wp\/v2\/categories?post=5993"},{"taxonomy":"post_tag","embeddable":true,"href":"https:\/\/www.textile-forum-blog.org\/de\/wp-json\/wp\/v2\/tags?post=5993"}],"curies":[{"name":"wp","href":"https:\/\/api.w.org\/{rel}","templated":true}]}}