{"id":4614,"date":"2020-07-31T17:51:22","date_gmt":"2020-07-31T16:51:22","guid":{"rendered":"https:\/\/www.textile-forum-blog.org\/?p=4614"},"modified":"2020-07-31T17:51:22","modified_gmt":"2020-07-31T16:51:22","slug":"life-doesnt-frighten-me-michelle-elie-wears-comme-des-garcons","status":"publish","type":"post","link":"https:\/\/www.textile-forum-blog.org\/de\/2020\/07\/life-doesnt-frighten-me-michelle-elie-wears-comme-des-garcons\/","title":{"rendered":"&#8221;Life doesn\u2019t frighten me&#8221; &#8211; Michelle Elie tr\u00e4gt Comme des Gar\u00e7ons"},"content":{"rendered":"<p><figure id=\"attachment_4596\" aria-describedby=\"caption-attachment-4596\" style=\"width: 800px\" class=\"wp-caption alignnone\"><img loading=\"lazy\" decoding=\"async\" class=\"size-full wp-image-4596\" src=\"https:\/\/www.textile-forum-blog.org\/wp-content\/uploads\/2020\/07\/P1350636a.blog_.jpg\" alt=\"\" width=\"800\" height=\"548\" srcset=\"https:\/\/www.textile-forum-blog.org\/wp-content\/uploads\/2020\/07\/P1350636a.blog_.jpg 800w, https:\/\/www.textile-forum-blog.org\/wp-content\/uploads\/2020\/07\/P1350636a.blog_-300x206.jpg 300w, https:\/\/www.textile-forum-blog.org\/wp-content\/uploads\/2020\/07\/P1350636a.blog_-768x526.jpg 768w, https:\/\/www.textile-forum-blog.org\/wp-content\/uploads\/2020\/07\/P1350636a.blog_-24x16.jpg 24w, https:\/\/www.textile-forum-blog.org\/wp-content\/uploads\/2020\/07\/P1350636a.blog_-36x25.jpg 36w, https:\/\/www.textile-forum-blog.org\/wp-content\/uploads\/2020\/07\/P1350636a.blog_-48x33.jpg 48w\" sizes=\"auto, (max-width: 800px) 100vw, 800px\" \/><figcaption id=\"caption-attachment-4596\" class=\"wp-caption-text\">Comme des Gar\u00e7ons , Spring\/Summer 2012, Collection Michelle Elie from the exhibition&#8221; Life does not frighten me &#8211; Michelle Ellie wears Comme des Gar\u00e7ons&#8221;; photo Beatrijs Sterk<\/figcaption><\/figure><\/p>\n<p><strong>&#8220;Life doesn\u2019t frighten me&#8221; &#8211; Michelle Elie tr\u00e4gt Comme des Gar\u00e7ons von 3 April bis 1 November im Museum f\u00fcr Angewandte Kunst, Frankfurt<\/strong><\/p>\n<p><strong>Mein erster Ausstellungsbesuch in Frankfurt Ende Juni nach der Corona-Sperrung hat mir sehr viel bedeutet. Was f\u00fcr ein Vergn\u00fcgen, eine Ausstellung wieder sehen zu k\u00f6nnen! Obwohl ich nicht wusste, was ich von dieser Modeausstellung erwarten sollte, war es eine positive \u00dcberraschung. Mir war bewusst, dass Rei Kawabuko, der Comme les Gar\u00e7ons gr\u00fcndete, gegen alle Konventionen verst\u00f6\u00dft. Aber dass es Frauen wie Michelle Elie (geb\u00fcrtige Haitianerin) gibt, die es wagen, ihre Provokationen zu tragen und Sammlerin vieler St\u00fccke zu werden, war f\u00fcr mich v\u00f6llig neu. Ich bewundere ihren Mut, mit den verschiedenen Reaktionen, die die St\u00fccke hervorrufen, Schritt zu halten, und sch\u00e4me mich ein wenig fest zu stellen, dass mein eigenes Selbstvertrauen in mein K\u00f6rperbewusstsein eher bescheiden ausf\u00e4llt. <\/strong><\/p>\n<p>Michelle Elie sagt \u00fcber ihre Faszination f\u00fcr Comme les Gar\u00e7ons:<em> &#8220;Rei Kawabuko erm\u00f6glicht es mir, mich auf ganz unterschiedliche Weise auszudr\u00fccken. Sie fordert mich immer wieder aufs Neue und hat mein Verst\u00e4ndnis von Kleidung grundlegend ver\u00e4ndert. Was ist Kleidung \u00fcberhaupt? Was kann man damit machen? &#8230;Dies sind Fragen , mit denen ich mich besch\u00e4ftige.&#8221;<\/em><\/p>\n<p><strong>die Kuratorin Dr. Mahret Ifeoma Kupka sagt:<\/strong><\/p>\n<p><strong>&#8220;Kleidung wird durch kulturellen Kontext zu Mode. Die japanische Designerin Rei Kawakubo gr\u00fcndete 1969 ihr Modelabel Comme des Gar\u00e7ons (deutsch: Wie Jungs). Bis heute geht es ihr nicht darum zu gefallen, sondern spielerisch und lustvoll den m\u00e4nnlichen, durch westliche Sch\u00f6nheitsideale gelenkten Blick zu st\u00f6ren. Konventionen der Schnittkunst bricht Kawakubo durch Dekonstruktion, Verschiebung, Zerst\u00f6rung und Ausbuchtungen ohne R\u00fccksicht auf K\u00f6rperformen. Tr\u00e4ger*innen eignen sich die Kleidobjekte an, bringen sie in ihren je eigenen Kontexten zum Leben, nicht ohne Aufsehen zu erregen. Comme des Gar\u00e7ons widerspricht der Norm, f\u00e4llt auf und provoziert nicht selten.<\/strong><\/p>\n<p>Designerin und Mode-Ikone Michelle Elie liebt, sammelt und lebt Kawakubos Entw\u00fcrfe leidenschaftlich \u2013 auf den internationalen Fashionweeks, die sie regelm\u00e4\u00dfig besucht, und in ihrem K\u00f6lner Alltag. Das Museum Angewandte Kunst zeigt Elies Sammlung und l\u00e4sst sie selbst die Geschichten der jeweiligen St\u00fccke erz\u00e4hlen: Vom Moment der Entdeckung, \u00fcber den Erwerb, bis hin zum Erleben auf dem eigenen K\u00f6rper und den unterschiedlichsten Reaktionen, die das Tragen bei anderen provoziert. \u201eLife doesn\u2019t frighten me\u201c, sagt die geb\u00fcrtige Haitianerin, und tats\u00e4chlich geh\u00f6rt Mut dazu, Kawakubo zu tragen und sich damit klar gegen gesellschaftliche Normen zu positionieren. Als schwarze Frau in einer wei\u00dfen Mehrheitsgesellschaft mit ihren entsprechenden Vorstellungen von Sch\u00f6nheit, trotzt Elie bereits durch ihr blo\u00dfes Sein jeder Norm. Mit Comme des Gar\u00e7ons am Leib, \u00fcberspitzt sie ihre K\u00f6rpererfahrungen selbstbewusst und fordert damit Betrachter*innen heraus, ihr je eigenes K\u00f6rpererleben zu reflektieren.&#8221;<\/p>\n<p>Beatrijs Sterk<\/p>\n<figure id=\"attachment_4597\" aria-describedby=\"caption-attachment-4597\" style=\"width: 800px\" class=\"wp-caption alignnone\"><img loading=\"lazy\" decoding=\"async\" class=\"size-full wp-image-4597\" src=\"https:\/\/www.textile-forum-blog.org\/wp-content\/uploads\/2020\/07\/P1350644a.blog_.jpg\" alt=\"\" width=\"800\" height=\"532\" srcset=\"https:\/\/www.textile-forum-blog.org\/wp-content\/uploads\/2020\/07\/P1350644a.blog_.jpg 800w, https:\/\/www.textile-forum-blog.org\/wp-content\/uploads\/2020\/07\/P1350644a.blog_-300x200.jpg 300w, https:\/\/www.textile-forum-blog.org\/wp-content\/uploads\/2020\/07\/P1350644a.blog_-768x511.jpg 768w, https:\/\/www.textile-forum-blog.org\/wp-content\/uploads\/2020\/07\/P1350644a.blog_-24x16.jpg 24w, https:\/\/www.textile-forum-blog.org\/wp-content\/uploads\/2020\/07\/P1350644a.blog_-36x24.jpg 36w, https:\/\/www.textile-forum-blog.org\/wp-content\/uploads\/2020\/07\/P1350644a.blog_-48x32.jpg 48w\" sizes=\"auto, (max-width: 800px) 100vw, 800px\" \/><figcaption id=\"caption-attachment-4597\" class=\"wp-caption-text\">Comme des Gar\u00e7ons, Fall\/ Winter 2015\/1016, Collection Michelle Elie from the exhibition&#8221; Life does not frighten me &#8211; Michelle Ellie wears Comme des Gar\u00e7ons&#8221;; photo Beatrijs Sterk<\/figcaption><\/figure>\n<figure id=\"attachment_4598\" aria-describedby=\"caption-attachment-4598\" style=\"width: 800px\" class=\"wp-caption alignnone\"><img loading=\"lazy\" decoding=\"async\" class=\"size-full wp-image-4598\" src=\"https:\/\/www.textile-forum-blog.org\/wp-content\/uploads\/2020\/07\/P1350659a.blog_.jpg\" alt=\"\" width=\"800\" height=\"503\" srcset=\"https:\/\/www.textile-forum-blog.org\/wp-content\/uploads\/2020\/07\/P1350659a.blog_.jpg 800w, https:\/\/www.textile-forum-blog.org\/wp-content\/uploads\/2020\/07\/P1350659a.blog_-300x189.jpg 300w, https:\/\/www.textile-forum-blog.org\/wp-content\/uploads\/2020\/07\/P1350659a.blog_-768x483.jpg 768w, https:\/\/www.textile-forum-blog.org\/wp-content\/uploads\/2020\/07\/P1350659a.blog_-24x15.jpg 24w, https:\/\/www.textile-forum-blog.org\/wp-content\/uploads\/2020\/07\/P1350659a.blog_-36x23.jpg 36w, https:\/\/www.textile-forum-blog.org\/wp-content\/uploads\/2020\/07\/P1350659a.blog_-48x30.jpg 48w\" sizes=\"auto, (max-width: 800px) 100vw, 800px\" \/><figcaption id=\"caption-attachment-4598\" class=\"wp-caption-text\">Comme des Gar\u00e7ons, Collection Michelle Elie from the exhibition&#8221; Life does not frighten me &#8211; Michelle Elie wears Comme des Gar\u00e7ons&#8221;; photo Beatrijs Sterk<\/figcaption><\/figure>\n<figure id=\"attachment_4599\" aria-describedby=\"caption-attachment-4599\" style=\"width: 555px\" class=\"wp-caption aligncenter\"><img loading=\"lazy\" decoding=\"async\" class=\"size-full wp-image-4599\" src=\"https:\/\/www.textile-forum-blog.org\/wp-content\/uploads\/2020\/07\/P1350661a.blog_.jpg\" alt=\"\" width=\"555\" height=\"800\" srcset=\"https:\/\/www.textile-forum-blog.org\/wp-content\/uploads\/2020\/07\/P1350661a.blog_.jpg 555w, https:\/\/www.textile-forum-blog.org\/wp-content\/uploads\/2020\/07\/P1350661a.blog_-208x300.jpg 208w, https:\/\/www.textile-forum-blog.org\/wp-content\/uploads\/2020\/07\/P1350661a.blog_-17x24.jpg 17w, https:\/\/www.textile-forum-blog.org\/wp-content\/uploads\/2020\/07\/P1350661a.blog_-25x36.jpg 25w, https:\/\/www.textile-forum-blog.org\/wp-content\/uploads\/2020\/07\/P1350661a.blog_-33x48.jpg 33w\" sizes=\"auto, (max-width: 555px) 100vw, 555px\" \/><figcaption id=\"caption-attachment-4599\" class=\"wp-caption-text\">Comme des Gar\u00e7ons, Fall\/ Winter 13\/14, Collection Michelle Elie from the exhibition&#8221; Life does not frighten me &#8211; Michelle Elie wears Comme des Gar\u00e7ons&#8221;; photo Beatrijs Sterk<\/figcaption><\/figure>\n<figure id=\"attachment_4600\" aria-describedby=\"caption-attachment-4600\" style=\"width: 546px\" class=\"wp-caption aligncenter\"><img loading=\"lazy\" decoding=\"async\" class=\"size-full wp-image-4600\" src=\"https:\/\/www.textile-forum-blog.org\/wp-content\/uploads\/2020\/07\/P1350669a.blog_.jpg\" alt=\"\" width=\"546\" height=\"800\" srcset=\"https:\/\/www.textile-forum-blog.org\/wp-content\/uploads\/2020\/07\/P1350669a.blog_.jpg 546w, https:\/\/www.textile-forum-blog.org\/wp-content\/uploads\/2020\/07\/P1350669a.blog_-205x300.jpg 205w, https:\/\/www.textile-forum-blog.org\/wp-content\/uploads\/2020\/07\/P1350669a.blog_-16x24.jpg 16w, https:\/\/www.textile-forum-blog.org\/wp-content\/uploads\/2020\/07\/P1350669a.blog_-25x36.jpg 25w, https:\/\/www.textile-forum-blog.org\/wp-content\/uploads\/2020\/07\/P1350669a.blog_-33x48.jpg 33w\" sizes=\"auto, (max-width: 546px) 100vw, 546px\" \/><figcaption id=\"caption-attachment-4600\" class=\"wp-caption-text\">Comme des Gar\u00e7ons, Fall\/ Winter 13\/14, Collection Michelle Elie from the exhibition&#8221; Life does not frighten me &#8211; Michelle llie wears Comme des Gar\u00e7ons&#8221;; photo Beatrijs Sterk<\/figcaption><\/figure>\n<figure id=\"attachment_4602\" aria-describedby=\"caption-attachment-4602\" style=\"width: 547px\" class=\"wp-caption aligncenter\"><img loading=\"lazy\" decoding=\"async\" class=\"size-full wp-image-4602\" src=\"https:\/\/www.textile-forum-blog.org\/wp-content\/uploads\/2020\/07\/P1350672a.blog_.jpg\" alt=\"\" width=\"547\" height=\"800\" srcset=\"https:\/\/www.textile-forum-blog.org\/wp-content\/uploads\/2020\/07\/P1350672a.blog_.jpg 547w, https:\/\/www.textile-forum-blog.org\/wp-content\/uploads\/2020\/07\/P1350672a.blog_-205x300.jpg 205w, https:\/\/www.textile-forum-blog.org\/wp-content\/uploads\/2020\/07\/P1350672a.blog_-16x24.jpg 16w, https:\/\/www.textile-forum-blog.org\/wp-content\/uploads\/2020\/07\/P1350672a.blog_-25x36.jpg 25w, https:\/\/www.textile-forum-blog.org\/wp-content\/uploads\/2020\/07\/P1350672a.blog_-33x48.jpg 33w\" sizes=\"auto, (max-width: 547px) 100vw, 547px\" \/><figcaption id=\"caption-attachment-4602\" class=\"wp-caption-text\">Comme des Gar\u00e7ons, Fall\/ Winter 13\/14, Collection Michelle Elie from the exhibition&#8221; Life does not frighten me &#8211; Michelle llie wears Comme des Gar\u00e7ons&#8221;; photo Beatrijs Sterk<\/figcaption><\/figure>\n<figure id=\"attachment_4603\" aria-describedby=\"caption-attachment-4603\" style=\"width: 572px\" class=\"wp-caption aligncenter\"><img loading=\"lazy\" decoding=\"async\" class=\"size-full wp-image-4603\" src=\"https:\/\/www.textile-forum-blog.org\/wp-content\/uploads\/2020\/07\/P1350695a.blog_.jpg\" alt=\"\" width=\"572\" height=\"800\" srcset=\"https:\/\/www.textile-forum-blog.org\/wp-content\/uploads\/2020\/07\/P1350695a.blog_.jpg 572w, https:\/\/www.textile-forum-blog.org\/wp-content\/uploads\/2020\/07\/P1350695a.blog_-215x300.jpg 215w, https:\/\/www.textile-forum-blog.org\/wp-content\/uploads\/2020\/07\/P1350695a.blog_-17x24.jpg 17w, https:\/\/www.textile-forum-blog.org\/wp-content\/uploads\/2020\/07\/P1350695a.blog_-26x36.jpg 26w, https:\/\/www.textile-forum-blog.org\/wp-content\/uploads\/2020\/07\/P1350695a.blog_-34x48.jpg 34w\" sizes=\"auto, (max-width: 572px) 100vw, 572px\" \/><figcaption id=\"caption-attachment-4603\" class=\"wp-caption-text\">Comme des Gar\u00e7ons , Spring\/Summer 2019, Collection Michelle Elie from the exhibition&#8221; Life does not frighten me &#8211; Michelle Elie wears Comme des Gar\u00e7ons&#8221;; photo Beatrijs Sterk<\/figcaption><\/figure>\n<figure id=\"attachment_4604\" aria-describedby=\"caption-attachment-4604\" style=\"width: 1046px\" class=\"wp-caption alignnone\"><img loading=\"lazy\" decoding=\"async\" class=\"size-full wp-image-4604\" src=\"https:\/\/www.textile-forum-blog.org\/wp-content\/uploads\/2020\/07\/P1350701a.blog_.jpg\" alt=\"\" width=\"1046\" height=\"800\" srcset=\"https:\/\/www.textile-forum-blog.org\/wp-content\/uploads\/2020\/07\/P1350701a.blog_.jpg 1046w, https:\/\/www.textile-forum-blog.org\/wp-content\/uploads\/2020\/07\/P1350701a.blog_-300x229.jpg 300w, https:\/\/www.textile-forum-blog.org\/wp-content\/uploads\/2020\/07\/P1350701a.blog_-1024x783.jpg 1024w, https:\/\/www.textile-forum-blog.org\/wp-content\/uploads\/2020\/07\/P1350701a.blog_-768x587.jpg 768w, https:\/\/www.textile-forum-blog.org\/wp-content\/uploads\/2020\/07\/P1350701a.blog_-24x18.jpg 24w, https:\/\/www.textile-forum-blog.org\/wp-content\/uploads\/2020\/07\/P1350701a.blog_-36x28.jpg 36w, https:\/\/www.textile-forum-blog.org\/wp-content\/uploads\/2020\/07\/P1350701a.blog_-48x37.jpg 48w\" sizes=\"auto, (max-width: 1046px) 100vw, 1046px\" \/><figcaption id=\"caption-attachment-4604\" class=\"wp-caption-text\">Comme des Gar\u00e7ons , Spring\/Summe 2018; Collection Michelle Elie from the exhibition&#8221; Life does not frighten me &#8211; Michelle Elie wears Comme des Gar\u00e7ons&#8221;; photo Beatrijs Sterk<\/figcaption><\/figure>\n<figure id=\"attachment_4605\" aria-describedby=\"caption-attachment-4605\" style=\"width: 624px\" class=\"wp-caption aligncenter\"><img loading=\"lazy\" decoding=\"async\" class=\"size-full wp-image-4605\" src=\"https:\/\/www.textile-forum-blog.org\/wp-content\/uploads\/2020\/07\/P1350714a.blog_.jpg\" alt=\"\" width=\"624\" height=\"800\" srcset=\"https:\/\/www.textile-forum-blog.org\/wp-content\/uploads\/2020\/07\/P1350714a.blog_.jpg 624w, https:\/\/www.textile-forum-blog.org\/wp-content\/uploads\/2020\/07\/P1350714a.blog_-234x300.jpg 234w, https:\/\/www.textile-forum-blog.org\/wp-content\/uploads\/2020\/07\/P1350714a.blog_-19x24.jpg 19w, https:\/\/www.textile-forum-blog.org\/wp-content\/uploads\/2020\/07\/P1350714a.blog_-28x36.jpg 28w, https:\/\/www.textile-forum-blog.org\/wp-content\/uploads\/2020\/07\/P1350714a.blog_-37x48.jpg 37w\" sizes=\"auto, (max-width: 624px) 100vw, 624px\" \/><figcaption id=\"caption-attachment-4605\" class=\"wp-caption-text\">Comme des Gar\u00e7ons , Spring\/Summe 2018; Collection Michelle Elie from the exhibition&#8221; Life does not frighten me &#8211; Michelle Elie wears Comme des Gar\u00e7ons&#8221;; photo Beatrijs Sterk<\/figcaption><\/figure>\n<figure id=\"attachment_4606\" aria-describedby=\"caption-attachment-4606\" style=\"width: 800px\" class=\"wp-caption alignnone\"><img loading=\"lazy\" decoding=\"async\" class=\"size-full wp-image-4606\" src=\"https:\/\/www.textile-forum-blog.org\/wp-content\/uploads\/2020\/07\/P1350759a.blog_.jpg\" alt=\"\" width=\"800\" height=\"510\" srcset=\"https:\/\/www.textile-forum-blog.org\/wp-content\/uploads\/2020\/07\/P1350759a.blog_.jpg 800w, https:\/\/www.textile-forum-blog.org\/wp-content\/uploads\/2020\/07\/P1350759a.blog_-300x191.jpg 300w, https:\/\/www.textile-forum-blog.org\/wp-content\/uploads\/2020\/07\/P1350759a.blog_-768x490.jpg 768w, https:\/\/www.textile-forum-blog.org\/wp-content\/uploads\/2020\/07\/P1350759a.blog_-24x15.jpg 24w, https:\/\/www.textile-forum-blog.org\/wp-content\/uploads\/2020\/07\/P1350759a.blog_-36x23.jpg 36w, https:\/\/www.textile-forum-blog.org\/wp-content\/uploads\/2020\/07\/P1350759a.blog_-48x31.jpg 48w\" sizes=\"auto, (max-width: 800px) 100vw, 800px\" \/><figcaption id=\"caption-attachment-4606\" class=\"wp-caption-text\">Comme des Gar\u00e7ons, Collection Michelle Elie from the exhibition&#8221; Life does not frighten me &#8211; Michelle Elie wears Comme des Gar\u00e7ons&#8221;; photo Beatrijs Sterk<\/figcaption><\/figure>\n<p><figure id=\"attachment_4607\" aria-describedby=\"caption-attachment-4607\" style=\"width: 800px\" class=\"wp-caption alignnone\"><img loading=\"lazy\" decoding=\"async\" class=\"size-full wp-image-4607\" src=\"https:\/\/www.textile-forum-blog.org\/wp-content\/uploads\/2020\/07\/P1350764a.blog_.jpg\" alt=\"\" width=\"800\" height=\"737\" srcset=\"https:\/\/www.textile-forum-blog.org\/wp-content\/uploads\/2020\/07\/P1350764a.blog_.jpg 800w, https:\/\/www.textile-forum-blog.org\/wp-content\/uploads\/2020\/07\/P1350764a.blog_-300x276.jpg 300w, https:\/\/www.textile-forum-blog.org\/wp-content\/uploads\/2020\/07\/P1350764a.blog_-768x708.jpg 768w, https:\/\/www.textile-forum-blog.org\/wp-content\/uploads\/2020\/07\/P1350764a.blog_-24x22.jpg 24w, https:\/\/www.textile-forum-blog.org\/wp-content\/uploads\/2020\/07\/P1350764a.blog_-36x33.jpg 36w, https:\/\/www.textile-forum-blog.org\/wp-content\/uploads\/2020\/07\/P1350764a.blog_-48x44.jpg 48w\" sizes=\"auto, (max-width: 800px) 100vw, 800px\" \/><figcaption id=\"caption-attachment-4607\" class=\"wp-caption-text\">Michelle Elie wearing Comme des Gar\u00e7ons, Fall\/ Winter 13\/14; photo in the exhibition by Phil Oh, Paris,2012<\/figcaption><\/figure><\/p>","protected":false},"excerpt":{"rendered":"<p>&#8220;Life doesn\u2019t frighten me&#8221; &#8211; Michelle Elie tr\u00e4gt Comme des Gar\u00e7ons von 3 April bis 1 November im Museum f\u00fcr Angewandte Kunst, Frankfurt Mein erster Ausstellungsbesuch in Frankfurt Ende Juni&#8230;<\/p>\n","protected":false},"author":1,"featured_media":4595,"comment_status":"closed","ping_status":"closed","sticky":false,"template":"","format":"standard","meta":{"footnotes":""},"categories":[12],"tags":[163,164,165],"class_list":["post-4614","post","type-post","status-publish","format-standard","has-post-thumbnail","hentry","category-exhibitions","tag-comme-des-garcons","tag-michelle-elie","tag-rei-kawakubo"],"_links":{"self":[{"href":"https:\/\/www.textile-forum-blog.org\/de\/wp-json\/wp\/v2\/posts\/4614","targetHints":{"allow":["GET"]}}],"collection":[{"href":"https:\/\/www.textile-forum-blog.org\/de\/wp-json\/wp\/v2\/posts"}],"about":[{"href":"https:\/\/www.textile-forum-blog.org\/de\/wp-json\/wp\/v2\/types\/post"}],"author":[{"embeddable":true,"href":"https:\/\/www.textile-forum-blog.org\/de\/wp-json\/wp\/v2\/users\/1"}],"replies":[{"embeddable":true,"href":"https:\/\/www.textile-forum-blog.org\/de\/wp-json\/wp\/v2\/comments?post=4614"}],"version-history":[{"count":5,"href":"https:\/\/www.textile-forum-blog.org\/de\/wp-json\/wp\/v2\/posts\/4614\/revisions"}],"predecessor-version":[{"id":4621,"href":"https:\/\/www.textile-forum-blog.org\/de\/wp-json\/wp\/v2\/posts\/4614\/revisions\/4621"}],"wp:featuredmedia":[{"embeddable":true,"href":"https:\/\/www.textile-forum-blog.org\/de\/wp-json\/wp\/v2\/media\/4595"}],"wp:attachment":[{"href":"https:\/\/www.textile-forum-blog.org\/de\/wp-json\/wp\/v2\/media?parent=4614"}],"wp:term":[{"taxonomy":"category","embeddable":true,"href":"https:\/\/www.textile-forum-blog.org\/de\/wp-json\/wp\/v2\/categories?post=4614"},{"taxonomy":"post_tag","embeddable":true,"href":"https:\/\/www.textile-forum-blog.org\/de\/wp-json\/wp\/v2\/tags?post=4614"}],"curies":[{"name":"wp","href":"https:\/\/api.w.org\/{rel}","templated":true}]}}