{"id":4536,"date":"2020-04-30T15:59:22","date_gmt":"2020-04-30T14:59:22","guid":{"rendered":"https:\/\/www.textile-forum-blog.org\/?p=4536"},"modified":"2020-05-01T11:32:54","modified_gmt":"2020-05-01T10:32:54","slug":"online-archive-of-textil-forum-magazines","status":"publish","type":"post","link":"https:\/\/www.textile-forum-blog.org\/de\/2020\/04\/online-archive-of-textil-forum-magazines\/","title":{"rendered":"Online-Archiv der TEXTILFORUM Zeitschrift"},"content":{"rendered":"<p><strong><img loading=\"lazy\" decoding=\"async\" class=\"alignnone size-full wp-image-4540\" src=\"https:\/\/www.textile-forum-blog.org\/wp-content\/uploads\/2020\/04\/Textilforum-2012_2013.jpg\" alt=\"\" width=\"800\" height=\"569\" srcset=\"https:\/\/www.textile-forum-blog.org\/wp-content\/uploads\/2020\/04\/Textilforum-2012_2013.jpg 800w, https:\/\/www.textile-forum-blog.org\/wp-content\/uploads\/2020\/04\/Textilforum-2012_2013-300x213.jpg 300w, https:\/\/www.textile-forum-blog.org\/wp-content\/uploads\/2020\/04\/Textilforum-2012_2013-768x546.jpg 768w, https:\/\/www.textile-forum-blog.org\/wp-content\/uploads\/2020\/04\/Textilforum-2012_2013-24x17.jpg 24w, https:\/\/www.textile-forum-blog.org\/wp-content\/uploads\/2020\/04\/Textilforum-2012_2013-36x26.jpg 36w, https:\/\/www.textile-forum-blog.org\/wp-content\/uploads\/2020\/04\/Textilforum-2012_2013-48x34.jpg 48w\" sizes=\"auto, (max-width: 800px) 100vw, 800px\" \/><\/strong><\/p>\n<p><strong>Online-Archiv der TEXTILFORUM Zeitschrift<\/strong><\/p>\n<p>Als Dietmar Laue und ich Ende 2013 aufh\u00f6rten, die Zeitschrift Textile Forum zu ver\u00f6ffentlichen, schrieben wir: &#8220;Eine positive Resultat der Heftfolgen seit 1982 ist, dass sie sich lesen wie das Tagebuch einer Generation von Textil- und Bekleidungsgestaltern, ihren Dozenten und H\u00fctern unseres textilen Kulturerbes&#8221;.<\/p>\n<p>Bis vor kurzem waren die Zeitschriften noch in Papierform erh\u00e4ltlich, was jetzt nicht mehr m\u00f6glich ist. Aber es gibt eine neue M\u00f6glichkeit die Zeitschriften zu lesen:Die 126 deutschen und die 80 englischen Ausgaben sind vom Textilzentrum Haslach unter der Leitung von Christine Leitner und Andreas Selzer, den neuen Organisatoren des Europ\u00e4ischen Netzwerk f\u00fcr Textil, digitalisiert (<a href=\"https:\/\/member.etn-net.org\/textileforum-magazines\">https:\/\/member.etn-net.org\/textileforum-magazines<\/a> ).<\/p>\n<p>Die Zeitschriften sind nun als Online-Archiv verf\u00fcgbar, in dem nicht nur jeder einzelne Zeitschrift in voller L\u00e4nge in beiden Sprachen gelesen werden kann, sondern alle Zeitschriften zusammen k\u00f6nnen auch nach speziellen Schlagw\u00f6rter, K\u00fcnstlernamen, Textiltechniken usw. erforscht werden.\u00a0Wenn man zum Beispiel das Stichwort &#8220;Indigo&#8221; eingibt, findet man fast hundert Artikel und Notizen aus der Zeit zwischen 1982 und 2013, die wir zu diesem Thema ver\u00f6ffentlicht haben.<\/p>\n<p>Diese Digitalisierung und der Eingabe von Schlagw\u00f6rter war eine enorme Arbeit und wird daher nur ETN-Mitgliedern als besonderer Vorteil \u00a0ihrer Mitgliedschaft zur Verf\u00fcgung stehen. Da der Mitgliedsbeitrag f\u00fcr ein Jahr nur 58 Euro pro Jahr betr\u00e4gt, hoffe ich, dass Studierende und Forscher Mitglieder werden, um Zugang zu diesem Archiv zu erhalten (<a href=\"https:\/\/etn-net.org\/become-a-member.html\">https:\/\/etn-net.org\/become-a-member.html<\/a>).<\/p>\n<p>R\u00fcckblickend bin ich selbst \u00fcberrascht, wie viele Informationen wir \u00fcber Textilkunst, Handwerk und Design; Textilerbe und Textilerziehung sammeln und ver\u00f6ffentlichen konnten. Wir haben uns auf die Profis aus den verschiedenen Bereichen und ihre Interessen konzentriert, deshalb werden Sie keine Bastelanleitungen, noch Kochrezepten oder Haustierfotos finden. (mit der Ausnahme von Katze Rosa auf einem Titel \u00a0der von B\u00fcchern handelte &#8211; was von Lesern kritisch kommentiert wurde).<\/p>\n<p>Wenn Sie sich nicht sicher sind, ob es Artikel gibt, die f\u00fcr Ihren Forschungsbereich von Interesse sein werden, k\u00f6nnen Sie Ihr Thema eingeben und die Ergebnisse aus allen Zeitschriften erhalten, auch ohne Mitglied zu sein! Einsehbar zur vollst\u00e4ndige Lekt\u00fcre ist in diesem Fall nur die letzte Ausgabe Nummer 4\/2013 \u00fcber das Reserveverfahren Blaudruck, die Ausgabe die der New Yorker Designer Jack Lenor Larsen so sehr gefiel, dass er uns einen freundlichen Brief schrieb, wie er es in der Vergangenheit mehrmals getan hatte. Offensichtlich hatten wir wir dieselbe Ideen \u00fcber die Rolle des Handwerks in einer modernen Gesellschaft.<\/p>\n<p><em>Beatrijs Sterk, Hannover, 30. April 202<img loading=\"lazy\" decoding=\"async\" class=\"alignnone size-full wp-image-4552\" src=\"https:\/\/www.textile-forum-blog.org\/wp-content\/uploads\/2020\/04\/Titel4.13.jpg\" alt=\"\" width=\"567\" height=\"800\" srcset=\"https:\/\/www.textile-forum-blog.org\/wp-content\/uploads\/2020\/04\/Titel4.13.jpg 567w, https:\/\/www.textile-forum-blog.org\/wp-content\/uploads\/2020\/04\/Titel4.13-213x300.jpg 213w, https:\/\/www.textile-forum-blog.org\/wp-content\/uploads\/2020\/04\/Titel4.13-17x24.jpg 17w, https:\/\/www.textile-forum-blog.org\/wp-content\/uploads\/2020\/04\/Titel4.13-26x36.jpg 26w, https:\/\/www.textile-forum-blog.org\/wp-content\/uploads\/2020\/04\/Titel4.13-34x48.jpg 34w\" sizes=\"auto, (max-width: 567px) 100vw, 567px\" \/><\/em><\/p>\n<p><img loading=\"lazy\" decoding=\"async\" class=\"alignnone size-full wp-image-4553\" src=\"https:\/\/www.textile-forum-blog.org\/wp-content\/uploads\/2020\/04\/Titel3.13.jpg\" alt=\"\" width=\"567\" height=\"800\" srcset=\"https:\/\/www.textile-forum-blog.org\/wp-content\/uploads\/2020\/04\/Titel3.13.jpg 567w, https:\/\/www.textile-forum-blog.org\/wp-content\/uploads\/2020\/04\/Titel3.13-213x300.jpg 213w, https:\/\/www.textile-forum-blog.org\/wp-content\/uploads\/2020\/04\/Titel3.13-17x24.jpg 17w, https:\/\/www.textile-forum-blog.org\/wp-content\/uploads\/2020\/04\/Titel3.13-26x36.jpg 26w, https:\/\/www.textile-forum-blog.org\/wp-content\/uploads\/2020\/04\/Titel3.13-34x48.jpg 34w\" sizes=\"auto, (max-width: 567px) 100vw, 567px\" \/><\/p>\n<p><img loading=\"lazy\" decoding=\"async\" class=\"alignnone size-full wp-image-4554\" src=\"https:\/\/www.textile-forum-blog.org\/wp-content\/uploads\/2020\/04\/Titel2.13.jpg\" alt=\"\" width=\"567\" height=\"807\" srcset=\"https:\/\/www.textile-forum-blog.org\/wp-content\/uploads\/2020\/04\/Titel2.13.jpg 567w, https:\/\/www.textile-forum-blog.org\/wp-content\/uploads\/2020\/04\/Titel2.13-211x300.jpg 211w, https:\/\/www.textile-forum-blog.org\/wp-content\/uploads\/2020\/04\/Titel2.13-17x24.jpg 17w, https:\/\/www.textile-forum-blog.org\/wp-content\/uploads\/2020\/04\/Titel2.13-25x36.jpg 25w, https:\/\/www.textile-forum-blog.org\/wp-content\/uploads\/2020\/04\/Titel2.13-34x48.jpg 34w\" sizes=\"auto, (max-width: 567px) 100vw, 567px\" \/><\/p>\n<p><img loading=\"lazy\" decoding=\"async\" class=\"alignnone size-full wp-image-4555\" src=\"https:\/\/www.textile-forum-blog.org\/wp-content\/uploads\/2020\/04\/Titel1.13.jpg\" alt=\"\" width=\"567\" height=\"807\" srcset=\"https:\/\/www.textile-forum-blog.org\/wp-content\/uploads\/2020\/04\/Titel1.13.jpg 567w, https:\/\/www.textile-forum-blog.org\/wp-content\/uploads\/2020\/04\/Titel1.13-211x300.jpg 211w, https:\/\/www.textile-forum-blog.org\/wp-content\/uploads\/2020\/04\/Titel1.13-17x24.jpg 17w, https:\/\/www.textile-forum-blog.org\/wp-content\/uploads\/2020\/04\/Titel1.13-25x36.jpg 25w, https:\/\/www.textile-forum-blog.org\/wp-content\/uploads\/2020\/04\/Titel1.13-34x48.jpg 34w\" sizes=\"auto, (max-width: 567px) 100vw, 567px\" \/><\/p>\n<p><img loading=\"lazy\" decoding=\"async\" class=\"alignnone size-full wp-image-4556\" src=\"https:\/\/www.textile-forum-blog.org\/wp-content\/uploads\/2020\/04\/Titel4.12.jpg\" alt=\"\" width=\"591\" height=\"839\" srcset=\"https:\/\/www.textile-forum-blog.org\/wp-content\/uploads\/2020\/04\/Titel4.12.jpg 591w, https:\/\/www.textile-forum-blog.org\/wp-content\/uploads\/2020\/04\/Titel4.12-211x300.jpg 211w, https:\/\/www.textile-forum-blog.org\/wp-content\/uploads\/2020\/04\/Titel4.12-17x24.jpg 17w, https:\/\/www.textile-forum-blog.org\/wp-content\/uploads\/2020\/04\/Titel4.12-25x36.jpg 25w, https:\/\/www.textile-forum-blog.org\/wp-content\/uploads\/2020\/04\/Titel4.12-34x48.jpg 34w\" sizes=\"auto, (max-width: 591px) 100vw, 591px\" \/><\/p>\n<p><img loading=\"lazy\" decoding=\"async\" class=\"alignnone size-full wp-image-4557\" src=\"https:\/\/www.textile-forum-blog.org\/wp-content\/uploads\/2020\/04\/Titel3.12.jpg\" alt=\"\" width=\"591\" height=\"840\" srcset=\"https:\/\/www.textile-forum-blog.org\/wp-content\/uploads\/2020\/04\/Titel3.12.jpg 591w, https:\/\/www.textile-forum-blog.org\/wp-content\/uploads\/2020\/04\/Titel3.12-211x300.jpg 211w, https:\/\/www.textile-forum-blog.org\/wp-content\/uploads\/2020\/04\/Titel3.12-17x24.jpg 17w, https:\/\/www.textile-forum-blog.org\/wp-content\/uploads\/2020\/04\/Titel3.12-25x36.jpg 25w, https:\/\/www.textile-forum-blog.org\/wp-content\/uploads\/2020\/04\/Titel3.12-34x48.jpg 34w\" sizes=\"auto, (max-width: 591px) 100vw, 591px\" \/><\/p>\n<p><img loading=\"lazy\" decoding=\"async\" class=\"alignnone size-full wp-image-4558\" src=\"https:\/\/www.textile-forum-blog.org\/wp-content\/uploads\/2020\/04\/Titel2.12.jpg\" alt=\"\" width=\"591\" height=\"840\" srcset=\"https:\/\/www.textile-forum-blog.org\/wp-content\/uploads\/2020\/04\/Titel2.12.jpg 591w, https:\/\/www.textile-forum-blog.org\/wp-content\/uploads\/2020\/04\/Titel2.12-211x300.jpg 211w, https:\/\/www.textile-forum-blog.org\/wp-content\/uploads\/2020\/04\/Titel2.12-17x24.jpg 17w, https:\/\/www.textile-forum-blog.org\/wp-content\/uploads\/2020\/04\/Titel2.12-25x36.jpg 25w, https:\/\/www.textile-forum-blog.org\/wp-content\/uploads\/2020\/04\/Titel2.12-34x48.jpg 34w\" sizes=\"auto, (max-width: 591px) 100vw, 591px\" \/><\/p>\n<p><img loading=\"lazy\" decoding=\"async\" class=\"alignnone size-full wp-image-4559\" src=\"https:\/\/www.textile-forum-blog.org\/wp-content\/uploads\/2020\/04\/Titel1.12.jpg\" alt=\"\" width=\"591\" height=\"840\" srcset=\"https:\/\/www.textile-forum-blog.org\/wp-content\/uploads\/2020\/04\/Titel1.12.jpg 591w, https:\/\/www.textile-forum-blog.org\/wp-content\/uploads\/2020\/04\/Titel1.12-211x300.jpg 211w, https:\/\/www.textile-forum-blog.org\/wp-content\/uploads\/2020\/04\/Titel1.12-17x24.jpg 17w, https:\/\/www.textile-forum-blog.org\/wp-content\/uploads\/2020\/04\/Titel1.12-25x36.jpg 25w, https:\/\/www.textile-forum-blog.org\/wp-content\/uploads\/2020\/04\/Titel1.12-34x48.jpg 34w\" sizes=\"auto, (max-width: 591px) 100vw, 591px\" \/><\/p>\n<p>&nbsp;<\/p>\n<p>&nbsp;<\/p>","protected":false},"excerpt":{"rendered":"<p>Online-Archiv der TEXTILFORUM Zeitschrift Als Dietmar Laue und ich Ende 2013 aufh\u00f6rten, die Zeitschrift Textile Forum zu ver\u00f6ffentlichen, schrieben wir: &#8220;Eine positive Resultat der Heftfolgen seit 1982 ist, dass sie&#8230;<\/p>\n","protected":false},"author":1,"featured_media":4563,"comment_status":"closed","ping_status":"closed","sticky":false,"template":"","format":"standard","meta":{"footnotes":""},"categories":[11,16],"tags":[37,160],"class_list":["post-4536","post","type-post","status-publish","format-standard","has-post-thumbnail","hentry","category-books-2","category-editorial","tag-european-textile-network","tag-textile-forum-magazine"],"_links":{"self":[{"href":"https:\/\/www.textile-forum-blog.org\/de\/wp-json\/wp\/v2\/posts\/4536","targetHints":{"allow":["GET"]}}],"collection":[{"href":"https:\/\/www.textile-forum-blog.org\/de\/wp-json\/wp\/v2\/posts"}],"about":[{"href":"https:\/\/www.textile-forum-blog.org\/de\/wp-json\/wp\/v2\/types\/post"}],"author":[{"embeddable":true,"href":"https:\/\/www.textile-forum-blog.org\/de\/wp-json\/wp\/v2\/users\/1"}],"replies":[{"embeddable":true,"href":"https:\/\/www.textile-forum-blog.org\/de\/wp-json\/wp\/v2\/comments?post=4536"}],"version-history":[{"count":6,"href":"https:\/\/www.textile-forum-blog.org\/de\/wp-json\/wp\/v2\/posts\/4536\/revisions"}],"predecessor-version":[{"id":4562,"href":"https:\/\/www.textile-forum-blog.org\/de\/wp-json\/wp\/v2\/posts\/4536\/revisions\/4562"}],"wp:featuredmedia":[{"embeddable":true,"href":"https:\/\/www.textile-forum-blog.org\/de\/wp-json\/wp\/v2\/media\/4563"}],"wp:attachment":[{"href":"https:\/\/www.textile-forum-blog.org\/de\/wp-json\/wp\/v2\/media?parent=4536"}],"wp:term":[{"taxonomy":"category","embeddable":true,"href":"https:\/\/www.textile-forum-blog.org\/de\/wp-json\/wp\/v2\/categories?post=4536"},{"taxonomy":"post_tag","embeddable":true,"href":"https:\/\/www.textile-forum-blog.org\/de\/wp-json\/wp\/v2\/tags?post=4536"}],"curies":[{"name":"wp","href":"https:\/\/api.w.org\/{rel}","templated":true}]}}