{"id":3589,"date":"2018-04-24T15:11:05","date_gmt":"2018-04-24T14:11:05","guid":{"rendered":"http:\/\/www.textile-forum-blog.org\/?p=3589"},"modified":"2018-04-24T15:11:05","modified_gmt":"2018-04-24T14:11:05","slug":"exhibition-por-dentro-por-fuera-y-mas-alla-goes-to-the-netherlands","status":"publish","type":"post","link":"https:\/\/www.textile-forum-blog.org\/de\/2018\/04\/exhibition-por-dentro-por-fuera-y-mas-alla-goes-to-the-netherlands\/","title":{"rendered":"Ausstellung por dentro-por fuera y m\u00e0s all\u00e1  demn\u00e4chst in den Niederlanden"},"content":{"rendered":"<p><figure id=\"attachment_3584\" aria-describedby=\"caption-attachment-3584\" style=\"width: 740px\" class=\"wp-caption aligncenter\"><img loading=\"lazy\" decoding=\"async\" class=\"size-large wp-image-3584\" src=\"https:\/\/www.textile-forum-blog.org\/wp-content\/uploads\/2018\/04\/Ausstellung-Por-dentro...-08-Beatriz-Schaaf-Giesser-Huella-Madre.blog_-1024x996.jpg\" alt=\"\" width=\"740\" height=\"720\" srcset=\"https:\/\/www.textile-forum-blog.org\/wp-content\/uploads\/2018\/04\/Ausstellung-Por-dentro...-08-Beatriz-Schaaf-Giesser-Huella-Madre.blog_-1024x996.jpg 1024w, https:\/\/www.textile-forum-blog.org\/wp-content\/uploads\/2018\/04\/Ausstellung-Por-dentro...-08-Beatriz-Schaaf-Giesser-Huella-Madre.blog_-300x292.jpg 300w, https:\/\/www.textile-forum-blog.org\/wp-content\/uploads\/2018\/04\/Ausstellung-Por-dentro...-08-Beatriz-Schaaf-Giesser-Huella-Madre.blog_-768x747.jpg 768w, https:\/\/www.textile-forum-blog.org\/wp-content\/uploads\/2018\/04\/Ausstellung-Por-dentro...-08-Beatriz-Schaaf-Giesser-Huella-Madre.blog_-24x24.jpg 24w, https:\/\/www.textile-forum-blog.org\/wp-content\/uploads\/2018\/04\/Ausstellung-Por-dentro...-08-Beatriz-Schaaf-Giesser-Huella-Madre.blog_-36x36.jpg 36w, https:\/\/www.textile-forum-blog.org\/wp-content\/uploads\/2018\/04\/Ausstellung-Por-dentro...-08-Beatriz-Schaaf-Giesser-Huella-Madre.blog_-48x48.jpg 48w\" sizes=\"auto, (max-width: 740px) 100vw, 740px\" \/><figcaption id=\"caption-attachment-3584\" class=\"wp-caption-text\">Beatriz Schaaf-Giesser : Huella Madre.<\/figcaption><\/figure><\/p>\n<p>Ausstellung por dentro-por fuera y m\u00e0s all\u00e1 demn\u00e4chst in den Niederlanden<br \/>\n<strong>Vom 5. Oktober 2017 bis 25. Februar 2018 war im Museo Hist\u00f3rico Cabildo de Montevideo, Uruguay, eine Kunstausstellung mit textilen Objekten aus Filz von 12 europ\u00e4ischen K\u00fcnstlerinnen zu sehen. Die Ausstellung &#8216;por dentro-por fuera y m\u00e0s all\u00e1 &#8211; Di\u00e1logos textiles&#8217; zog mehr als 27000 Besucher allein in den ersten Wochen an und konnte besonders auch die, zu der zeitgleich stattgefundenen WTA (World Textile Art) Konferenz, angereisten Textilk\u00fcnstler \u00fcberzeugen.<\/strong><\/p>\n<p>Die in Deutschland lebende, aber in Montevideo aufgewachsene <strong>Kuratorin, Beatriz Schaaf-Giesse<\/strong>r, hat die Ausstellung nun auf den Weg zur\u00fcck nach Europa gebracht.<\/p>\n<p><strong>In den Niederlanden wird diese Ausstellung unter dem Titel \u201ebinnen, buiten en daaraan voorbij &#8211; Textieldialoog\u201c vom 6.Mai &#8211; 17.Juni 2018 der High Five Art Gallery, Hoogbraak 5, 5111 CS Baarle-Nassau zu sehen sein. Die Vernissage ist am 6.5.2018 um 15:00 Uhr. Weitere Informationen und \u00d6ffnungszeiten auf www.highfiveart.nl<\/strong><\/p>\n<figure id=\"attachment_3575\" aria-describedby=\"caption-attachment-3575\" style=\"width: 800px\" class=\"wp-caption aligncenter\"><img loading=\"lazy\" decoding=\"async\" class=\"size-full wp-image-3575\" src=\"https:\/\/www.textile-forum-blog.org\/wp-content\/uploads\/2018\/04\/02b-Esther-Weber-Aufbruch.blog_.jpg\" alt=\"\" width=\"800\" height=\"368\" srcset=\"https:\/\/www.textile-forum-blog.org\/wp-content\/uploads\/2018\/04\/02b-Esther-Weber-Aufbruch.blog_.jpg 800w, https:\/\/www.textile-forum-blog.org\/wp-content\/uploads\/2018\/04\/02b-Esther-Weber-Aufbruch.blog_-300x138.jpg 300w, https:\/\/www.textile-forum-blog.org\/wp-content\/uploads\/2018\/04\/02b-Esther-Weber-Aufbruch.blog_-768x353.jpg 768w, https:\/\/www.textile-forum-blog.org\/wp-content\/uploads\/2018\/04\/02b-Esther-Weber-Aufbruch.blog_-24x11.jpg 24w, https:\/\/www.textile-forum-blog.org\/wp-content\/uploads\/2018\/04\/02b-Esther-Weber-Aufbruch.blog_-36x17.jpg 36w, https:\/\/www.textile-forum-blog.org\/wp-content\/uploads\/2018\/04\/02b-Esther-Weber-Aufbruch.blog_-48x22.jpg 48w\" sizes=\"auto, (max-width: 800px) 100vw, 800px\" \/><figcaption id=\"caption-attachment-3575\" class=\"wp-caption-text\">Esther Weber: Aufbruch<\/figcaption><\/figure>\n<figure id=\"attachment_3576\" aria-describedby=\"caption-attachment-3576\" style=\"width: 800px\" class=\"wp-caption aligncenter\"><img loading=\"lazy\" decoding=\"async\" class=\"size-full wp-image-3576\" src=\"https:\/\/www.textile-forum-blog.org\/wp-content\/uploads\/2018\/04\/Ausstellung-Por-dentro...-09-Claudia-Fischer-Verschieden-unter-Gleichen.blog_.jpg\" alt=\"\" width=\"800\" height=\"530\" srcset=\"https:\/\/www.textile-forum-blog.org\/wp-content\/uploads\/2018\/04\/Ausstellung-Por-dentro...-09-Claudia-Fischer-Verschieden-unter-Gleichen.blog_.jpg 800w, https:\/\/www.textile-forum-blog.org\/wp-content\/uploads\/2018\/04\/Ausstellung-Por-dentro...-09-Claudia-Fischer-Verschieden-unter-Gleichen.blog_-300x199.jpg 300w, https:\/\/www.textile-forum-blog.org\/wp-content\/uploads\/2018\/04\/Ausstellung-Por-dentro...-09-Claudia-Fischer-Verschieden-unter-Gleichen.blog_-768x509.jpg 768w, https:\/\/www.textile-forum-blog.org\/wp-content\/uploads\/2018\/04\/Ausstellung-Por-dentro...-09-Claudia-Fischer-Verschieden-unter-Gleichen.blog_-24x16.jpg 24w, https:\/\/www.textile-forum-blog.org\/wp-content\/uploads\/2018\/04\/Ausstellung-Por-dentro...-09-Claudia-Fischer-Verschieden-unter-Gleichen.blog_-36x24.jpg 36w, https:\/\/www.textile-forum-blog.org\/wp-content\/uploads\/2018\/04\/Ausstellung-Por-dentro...-09-Claudia-Fischer-Verschieden-unter-Gleichen.blog_-48x32.jpg 48w\" sizes=\"auto, (max-width: 800px) 100vw, 800px\" \/><figcaption id=\"caption-attachment-3576\" class=\"wp-caption-text\">Claudia Fischer: Verschieden unter Gleichen<\/figcaption><\/figure>\n<figure id=\"attachment_3577\" aria-describedby=\"caption-attachment-3577\" style=\"width: 800px\" class=\"wp-caption aligncenter\"><img loading=\"lazy\" decoding=\"async\" class=\"size-full wp-image-3577\" src=\"https:\/\/www.textile-forum-blog.org\/wp-content\/uploads\/2018\/04\/Ausstellung-Por-dentro...-12-Vera-Van-de-Casteele-Die-Spiralen-der-Liebe.blog_.jpg\" alt=\"\" width=\"800\" height=\"703\" srcset=\"https:\/\/www.textile-forum-blog.org\/wp-content\/uploads\/2018\/04\/Ausstellung-Por-dentro...-12-Vera-Van-de-Casteele-Die-Spiralen-der-Liebe.blog_.jpg 800w, https:\/\/www.textile-forum-blog.org\/wp-content\/uploads\/2018\/04\/Ausstellung-Por-dentro...-12-Vera-Van-de-Casteele-Die-Spiralen-der-Liebe.blog_-300x264.jpg 300w, https:\/\/www.textile-forum-blog.org\/wp-content\/uploads\/2018\/04\/Ausstellung-Por-dentro...-12-Vera-Van-de-Casteele-Die-Spiralen-der-Liebe.blog_-768x675.jpg 768w, https:\/\/www.textile-forum-blog.org\/wp-content\/uploads\/2018\/04\/Ausstellung-Por-dentro...-12-Vera-Van-de-Casteele-Die-Spiralen-der-Liebe.blog_-24x21.jpg 24w, https:\/\/www.textile-forum-blog.org\/wp-content\/uploads\/2018\/04\/Ausstellung-Por-dentro...-12-Vera-Van-de-Casteele-Die-Spiralen-der-Liebe.blog_-36x32.jpg 36w, https:\/\/www.textile-forum-blog.org\/wp-content\/uploads\/2018\/04\/Ausstellung-Por-dentro...-12-Vera-Van-de-Casteele-Die-Spiralen-der-Liebe.blog_-48x42.jpg 48w\" sizes=\"auto, (max-width: 800px) 100vw, 800px\" \/><figcaption id=\"caption-attachment-3577\" class=\"wp-caption-text\">Vera Van de Casteele: Die Spiralen der Liebe<\/figcaption><\/figure>\n<figure id=\"attachment_3579\" aria-describedby=\"caption-attachment-3579\" style=\"width: 800px\" class=\"wp-caption aligncenter\"><img loading=\"lazy\" decoding=\"async\" class=\"size-full wp-image-3579\" src=\"https:\/\/www.textile-forum-blog.org\/wp-content\/uploads\/2018\/04\/Ausstellung-Por-dentro...-03-Magarete-Warth-Beh\u00e4ltnisse.blog_.jpg\" alt=\"\" width=\"800\" height=\"533\" srcset=\"https:\/\/www.textile-forum-blog.org\/wp-content\/uploads\/2018\/04\/Ausstellung-Por-dentro...-03-Magarete-Warth-Beh\u00e4ltnisse.blog_.jpg 800w, https:\/\/www.textile-forum-blog.org\/wp-content\/uploads\/2018\/04\/Ausstellung-Por-dentro...-03-Magarete-Warth-Beh\u00e4ltnisse.blog_-300x200.jpg 300w, https:\/\/www.textile-forum-blog.org\/wp-content\/uploads\/2018\/04\/Ausstellung-Por-dentro...-03-Magarete-Warth-Beh\u00e4ltnisse.blog_-768x512.jpg 768w, https:\/\/www.textile-forum-blog.org\/wp-content\/uploads\/2018\/04\/Ausstellung-Por-dentro...-03-Magarete-Warth-Beh\u00e4ltnisse.blog_-24x16.jpg 24w, https:\/\/www.textile-forum-blog.org\/wp-content\/uploads\/2018\/04\/Ausstellung-Por-dentro...-03-Magarete-Warth-Beh\u00e4ltnisse.blog_-36x24.jpg 36w, https:\/\/www.textile-forum-blog.org\/wp-content\/uploads\/2018\/04\/Ausstellung-Por-dentro...-03-Magarete-Warth-Beh\u00e4ltnisse.blog_-48x32.jpg 48w\" sizes=\"auto, (max-width: 800px) 100vw, 800px\" \/><figcaption id=\"caption-attachment-3579\" class=\"wp-caption-text\">Margarete Warth: Beh\u00e4ltnisse<\/figcaption><\/figure>\n<figure id=\"attachment_3580\" aria-describedby=\"caption-attachment-3580\" style=\"width: 600px\" class=\"wp-caption aligncenter\"><img loading=\"lazy\" decoding=\"async\" class=\"size-full wp-image-3580\" src=\"https:\/\/www.textile-forum-blog.org\/wp-content\/uploads\/2018\/04\/Ausstellung-Por-dentro...-04-Kornelia-Sswat-Mollwitz-Hommage-an-Uruguay.blog_.jpg\" alt=\"\" width=\"600\" height=\"800\" srcset=\"https:\/\/www.textile-forum-blog.org\/wp-content\/uploads\/2018\/04\/Ausstellung-Por-dentro...-04-Kornelia-Sswat-Mollwitz-Hommage-an-Uruguay.blog_.jpg 600w, https:\/\/www.textile-forum-blog.org\/wp-content\/uploads\/2018\/04\/Ausstellung-Por-dentro...-04-Kornelia-Sswat-Mollwitz-Hommage-an-Uruguay.blog_-225x300.jpg 225w, https:\/\/www.textile-forum-blog.org\/wp-content\/uploads\/2018\/04\/Ausstellung-Por-dentro...-04-Kornelia-Sswat-Mollwitz-Hommage-an-Uruguay.blog_-18x24.jpg 18w, https:\/\/www.textile-forum-blog.org\/wp-content\/uploads\/2018\/04\/Ausstellung-Por-dentro...-04-Kornelia-Sswat-Mollwitz-Hommage-an-Uruguay.blog_-27x36.jpg 27w, https:\/\/www.textile-forum-blog.org\/wp-content\/uploads\/2018\/04\/Ausstellung-Por-dentro...-04-Kornelia-Sswat-Mollwitz-Hommage-an-Uruguay.blog_-36x48.jpg 36w\" sizes=\"auto, (max-width: 600px) 100vw, 600px\" \/><figcaption id=\"caption-attachment-3580\" class=\"wp-caption-text\">Kornelia Sswat-Mollwitz: Hommage an Uruguay<\/figcaption><\/figure>\n<figure id=\"attachment_3581\" aria-describedby=\"caption-attachment-3581\" style=\"width: 533px\" class=\"wp-caption aligncenter\"><img loading=\"lazy\" decoding=\"async\" class=\"size-full wp-image-3581\" src=\"https:\/\/www.textile-forum-blog.org\/wp-content\/uploads\/2018\/04\/Ausstellung-Por-dentro...-05-Andrea-Noeske-Porada-Phacelia-II.jblog_.jpg\" alt=\"\" width=\"533\" height=\"800\" srcset=\"https:\/\/www.textile-forum-blog.org\/wp-content\/uploads\/2018\/04\/Ausstellung-Por-dentro...-05-Andrea-Noeske-Porada-Phacelia-II.jblog_.jpg 533w, https:\/\/www.textile-forum-blog.org\/wp-content\/uploads\/2018\/04\/Ausstellung-Por-dentro...-05-Andrea-Noeske-Porada-Phacelia-II.jblog_-200x300.jpg 200w, https:\/\/www.textile-forum-blog.org\/wp-content\/uploads\/2018\/04\/Ausstellung-Por-dentro...-05-Andrea-Noeske-Porada-Phacelia-II.jblog_-16x24.jpg 16w, https:\/\/www.textile-forum-blog.org\/wp-content\/uploads\/2018\/04\/Ausstellung-Por-dentro...-05-Andrea-Noeske-Porada-Phacelia-II.jblog_-24x36.jpg 24w, https:\/\/www.textile-forum-blog.org\/wp-content\/uploads\/2018\/04\/Ausstellung-Por-dentro...-05-Andrea-Noeske-Porada-Phacelia-II.jblog_-32x48.jpg 32w\" sizes=\"auto, (max-width: 533px) 100vw, 533px\" \/><figcaption id=\"caption-attachment-3581\" class=\"wp-caption-text\">Andrea Noeske Porada: Phacelia II<\/figcaption><\/figure>\n<figure id=\"attachment_3582\" aria-describedby=\"caption-attachment-3582\" style=\"width: 533px\" class=\"wp-caption aligncenter\"><img loading=\"lazy\" decoding=\"async\" class=\"size-full wp-image-3582\" src=\"https:\/\/www.textile-forum-blog.org\/wp-content\/uploads\/2018\/04\/Ausstellung-Por-dentro...-06-Gudrun-Bartenberger-Geyer-Menschennester.blog_.jpg\" alt=\"\" width=\"533\" height=\"800\" srcset=\"https:\/\/www.textile-forum-blog.org\/wp-content\/uploads\/2018\/04\/Ausstellung-Por-dentro...-06-Gudrun-Bartenberger-Geyer-Menschennester.blog_.jpg 533w, https:\/\/www.textile-forum-blog.org\/wp-content\/uploads\/2018\/04\/Ausstellung-Por-dentro...-06-Gudrun-Bartenberger-Geyer-Menschennester.blog_-200x300.jpg 200w, https:\/\/www.textile-forum-blog.org\/wp-content\/uploads\/2018\/04\/Ausstellung-Por-dentro...-06-Gudrun-Bartenberger-Geyer-Menschennester.blog_-16x24.jpg 16w, https:\/\/www.textile-forum-blog.org\/wp-content\/uploads\/2018\/04\/Ausstellung-Por-dentro...-06-Gudrun-Bartenberger-Geyer-Menschennester.blog_-24x36.jpg 24w, https:\/\/www.textile-forum-blog.org\/wp-content\/uploads\/2018\/04\/Ausstellung-Por-dentro...-06-Gudrun-Bartenberger-Geyer-Menschennester.blog_-32x48.jpg 32w\" sizes=\"auto, (max-width: 533px) 100vw, 533px\" \/><figcaption id=\"caption-attachment-3582\" class=\"wp-caption-text\">Gudrun Bartenberger-Geyer: Menschennester<\/figcaption><\/figure>\n<figure id=\"attachment_3583\" aria-describedby=\"caption-attachment-3583\" style=\"width: 740px\" class=\"wp-caption aligncenter\"><img loading=\"lazy\" decoding=\"async\" class=\"size-large wp-image-3583\" src=\"https:\/\/www.textile-forum-blog.org\/wp-content\/uploads\/2018\/04\/Ausstellung-Por-dentro...-07-Corinne-Keiser-Pure-I-Pure-II.blog_-1024x720.jpg\" alt=\"\" width=\"740\" height=\"520\" srcset=\"https:\/\/www.textile-forum-blog.org\/wp-content\/uploads\/2018\/04\/Ausstellung-Por-dentro...-07-Corinne-Keiser-Pure-I-Pure-II.blog_-1024x720.jpg 1024w, https:\/\/www.textile-forum-blog.org\/wp-content\/uploads\/2018\/04\/Ausstellung-Por-dentro...-07-Corinne-Keiser-Pure-I-Pure-II.blog_-300x211.jpg 300w, https:\/\/www.textile-forum-blog.org\/wp-content\/uploads\/2018\/04\/Ausstellung-Por-dentro...-07-Corinne-Keiser-Pure-I-Pure-II.blog_-768x540.jpg 768w, https:\/\/www.textile-forum-blog.org\/wp-content\/uploads\/2018\/04\/Ausstellung-Por-dentro...-07-Corinne-Keiser-Pure-I-Pure-II.blog_-24x17.jpg 24w, https:\/\/www.textile-forum-blog.org\/wp-content\/uploads\/2018\/04\/Ausstellung-Por-dentro...-07-Corinne-Keiser-Pure-I-Pure-II.blog_-36x25.jpg 36w, https:\/\/www.textile-forum-blog.org\/wp-content\/uploads\/2018\/04\/Ausstellung-Por-dentro...-07-Corinne-Keiser-Pure-I-Pure-II.blog_-48x34.jpg 48w\" sizes=\"auto, (max-width: 740px) 100vw, 740px\" \/><figcaption id=\"caption-attachment-3583\" class=\"wp-caption-text\">Corinne Keiser: Pure I + Pure II<\/figcaption><\/figure>\n<figure id=\"attachment_3585\" aria-describedby=\"caption-attachment-3585\" style=\"width: 800px\" class=\"wp-caption aligncenter\"><img loading=\"lazy\" decoding=\"async\" class=\"size-full wp-image-3585\" src=\"https:\/\/www.textile-forum-blog.org\/wp-content\/uploads\/2018\/04\/Ausstellung-Por-dentro...-11-Gabriele-Wehrmeyer-Copy-of-nature.jblog_.jpg\" alt=\"\" width=\"800\" height=\"530\" srcset=\"https:\/\/www.textile-forum-blog.org\/wp-content\/uploads\/2018\/04\/Ausstellung-Por-dentro...-11-Gabriele-Wehrmeyer-Copy-of-nature.jblog_.jpg 800w, https:\/\/www.textile-forum-blog.org\/wp-content\/uploads\/2018\/04\/Ausstellung-Por-dentro...-11-Gabriele-Wehrmeyer-Copy-of-nature.jblog_-300x199.jpg 300w, https:\/\/www.textile-forum-blog.org\/wp-content\/uploads\/2018\/04\/Ausstellung-Por-dentro...-11-Gabriele-Wehrmeyer-Copy-of-nature.jblog_-768x509.jpg 768w, https:\/\/www.textile-forum-blog.org\/wp-content\/uploads\/2018\/04\/Ausstellung-Por-dentro...-11-Gabriele-Wehrmeyer-Copy-of-nature.jblog_-24x16.jpg 24w, https:\/\/www.textile-forum-blog.org\/wp-content\/uploads\/2018\/04\/Ausstellung-Por-dentro...-11-Gabriele-Wehrmeyer-Copy-of-nature.jblog_-36x24.jpg 36w, https:\/\/www.textile-forum-blog.org\/wp-content\/uploads\/2018\/04\/Ausstellung-Por-dentro...-11-Gabriele-Wehrmeyer-Copy-of-nature.jblog_-48x32.jpg 48w\" sizes=\"auto, (max-width: 800px) 100vw, 800px\" \/><figcaption id=\"caption-attachment-3585\" class=\"wp-caption-text\">Gabriele Wehrmeyer : Copy of nature.<\/figcaption><\/figure>\n<figure id=\"attachment_3578\" aria-describedby=\"caption-attachment-3578\" style=\"width: 800px\" class=\"wp-caption aligncenter\"><img loading=\"lazy\" decoding=\"async\" class=\"size-full wp-image-3578\" src=\"https:\/\/www.textile-forum-blog.org\/wp-content\/uploads\/2018\/04\/Ausstellung-Por-dentro...-Ausstellung-Por-dentro...01-Christine-Rummel-Step-by-step.blog_.jpg\" alt=\"\" width=\"800\" height=\"578\" srcset=\"https:\/\/www.textile-forum-blog.org\/wp-content\/uploads\/2018\/04\/Ausstellung-Por-dentro...-Ausstellung-Por-dentro...01-Christine-Rummel-Step-by-step.blog_.jpg 800w, https:\/\/www.textile-forum-blog.org\/wp-content\/uploads\/2018\/04\/Ausstellung-Por-dentro...-Ausstellung-Por-dentro...01-Christine-Rummel-Step-by-step.blog_-300x217.jpg 300w, https:\/\/www.textile-forum-blog.org\/wp-content\/uploads\/2018\/04\/Ausstellung-Por-dentro...-Ausstellung-Por-dentro...01-Christine-Rummel-Step-by-step.blog_-768x555.jpg 768w, https:\/\/www.textile-forum-blog.org\/wp-content\/uploads\/2018\/04\/Ausstellung-Por-dentro...-Ausstellung-Por-dentro...01-Christine-Rummel-Step-by-step.blog_-24x17.jpg 24w, https:\/\/www.textile-forum-blog.org\/wp-content\/uploads\/2018\/04\/Ausstellung-Por-dentro...-Ausstellung-Por-dentro...01-Christine-Rummel-Step-by-step.blog_-36x26.jpg 36w, https:\/\/www.textile-forum-blog.org\/wp-content\/uploads\/2018\/04\/Ausstellung-Por-dentro...-Ausstellung-Por-dentro...01-Christine-Rummel-Step-by-step.blog_-48x35.jpg 48w\" sizes=\"auto, (max-width: 800px) 100vw, 800px\" \/><figcaption id=\"caption-attachment-3578\" class=\"wp-caption-text\">Christine Rummel: Step by step<\/figcaption><\/figure>\n<p><figure id=\"attachment_3586\" aria-describedby=\"caption-attachment-3586\" style=\"width: 400px\" class=\"wp-caption aligncenter\"><img loading=\"lazy\" decoding=\"async\" class=\"size-full wp-image-3586\" src=\"https:\/\/www.textile-forum-blog.org\/wp-content\/uploads\/2018\/04\/rz_bsg_cabildo_cover_katalog_holland_2018_web.blog_.jpg\" alt=\"\" width=\"400\" height=\"400\" srcset=\"https:\/\/www.textile-forum-blog.org\/wp-content\/uploads\/2018\/04\/rz_bsg_cabildo_cover_katalog_holland_2018_web.blog_.jpg 400w, https:\/\/www.textile-forum-blog.org\/wp-content\/uploads\/2018\/04\/rz_bsg_cabildo_cover_katalog_holland_2018_web.blog_-200x200.jpg 200w, https:\/\/www.textile-forum-blog.org\/wp-content\/uploads\/2018\/04\/rz_bsg_cabildo_cover_katalog_holland_2018_web.blog_-300x300.jpg 300w, https:\/\/www.textile-forum-blog.org\/wp-content\/uploads\/2018\/04\/rz_bsg_cabildo_cover_katalog_holland_2018_web.blog_-24x24.jpg 24w, https:\/\/www.textile-forum-blog.org\/wp-content\/uploads\/2018\/04\/rz_bsg_cabildo_cover_katalog_holland_2018_web.blog_-36x36.jpg 36w, https:\/\/www.textile-forum-blog.org\/wp-content\/uploads\/2018\/04\/rz_bsg_cabildo_cover_katalog_holland_2018_web.blog_-48x48.jpg 48w\" sizes=\"auto, (max-width: 400px) 100vw, 400px\" \/><figcaption id=\"caption-attachment-3586\" class=\"wp-caption-text\">cover_katalog_holland_2018<\/figcaption><\/figure><\/p>","protected":false},"excerpt":{"rendered":"<p>Ausstellung por dentro-por fuera y m\u00e0s all\u00e1 demn\u00e4chst in den Niederlanden Vom 5. Oktober 2017 bis 25. Februar 2018 war im Museo Hist\u00f3rico Cabildo de Montevideo, Uruguay, eine Kunstausstellung mit&#8230;<\/p>\n","protected":false},"author":1,"featured_media":3586,"comment_status":"closed","ping_status":"closed","sticky":false,"template":"","format":"standard","meta":{"footnotes":""},"categories":[12],"tags":[118,117],"class_list":["post-3589","post","type-post","status-publish","format-standard","has-post-thumbnail","hentry","category-exhibitions","tag-felt-art","tag-por-dentro-por-fuera"],"_links":{"self":[{"href":"https:\/\/www.textile-forum-blog.org\/de\/wp-json\/wp\/v2\/posts\/3589","targetHints":{"allow":["GET"]}}],"collection":[{"href":"https:\/\/www.textile-forum-blog.org\/de\/wp-json\/wp\/v2\/posts"}],"about":[{"href":"https:\/\/www.textile-forum-blog.org\/de\/wp-json\/wp\/v2\/types\/post"}],"author":[{"embeddable":true,"href":"https:\/\/www.textile-forum-blog.org\/de\/wp-json\/wp\/v2\/users\/1"}],"replies":[{"embeddable":true,"href":"https:\/\/www.textile-forum-blog.org\/de\/wp-json\/wp\/v2\/comments?post=3589"}],"version-history":[{"count":0,"href":"https:\/\/www.textile-forum-blog.org\/de\/wp-json\/wp\/v2\/posts\/3589\/revisions"}],"wp:featuredmedia":[{"embeddable":true,"href":"https:\/\/www.textile-forum-blog.org\/de\/wp-json\/wp\/v2\/media\/3586"}],"wp:attachment":[{"href":"https:\/\/www.textile-forum-blog.org\/de\/wp-json\/wp\/v2\/media?parent=3589"}],"wp:term":[{"taxonomy":"category","embeddable":true,"href":"https:\/\/www.textile-forum-blog.org\/de\/wp-json\/wp\/v2\/categories?post=3589"},{"taxonomy":"post_tag","embeddable":true,"href":"https:\/\/www.textile-forum-blog.org\/de\/wp-json\/wp\/v2\/tags?post=3589"}],"curies":[{"name":"wp","href":"https:\/\/api.w.org\/{rel}","templated":true}]}}