{"id":3249,"date":"2017-12-15T18:05:45","date_gmt":"2017-12-15T17:05:45","guid":{"rendered":"http:\/\/www.textile-forum-blog.org\/?p=3249"},"modified":"2018-10-28T15:20:12","modified_gmt":"2018-10-28T14:20:12","slug":"world-textile-art-montevideo-invited-artists","status":"publish","type":"post","link":"https:\/\/www.textile-forum-blog.org\/de\/2017\/12\/world-textile-art-montevideo-invited-artists\/","title":{"rendered":"World Textile Art Montevideo: Invited Artists"},"content":{"rendered":"<p><figure id=\"attachment_3241\" aria-describedby=\"caption-attachment-3241\" style=\"width: 800px\" class=\"wp-caption alignleft\"><img loading=\"lazy\" decoding=\"async\" class=\"size-full wp-image-3241\" src=\"https:\/\/www.textile-forum-blog.org\/wp-content\/uploads\/2017\/12\/P1170708ab.blog_.jpg\" alt=\"\" width=\"800\" height=\"583\" srcset=\"https:\/\/www.textile-forum-blog.org\/wp-content\/uploads\/2017\/12\/P1170708ab.blog_.jpg 800w, https:\/\/www.textile-forum-blog.org\/wp-content\/uploads\/2017\/12\/P1170708ab.blog_-300x219.jpg 300w, https:\/\/www.textile-forum-blog.org\/wp-content\/uploads\/2017\/12\/P1170708ab.blog_-768x560.jpg 768w, https:\/\/www.textile-forum-blog.org\/wp-content\/uploads\/2017\/12\/P1170708ab.blog_-24x17.jpg 24w, https:\/\/www.textile-forum-blog.org\/wp-content\/uploads\/2017\/12\/P1170708ab.blog_-36x26.jpg 36w, https:\/\/www.textile-forum-blog.org\/wp-content\/uploads\/2017\/12\/P1170708ab.blog_-48x35.jpg 48w\" sizes=\"auto, (max-width: 800px) 100vw, 800px\" \/><figcaption id=\"caption-attachment-3241\" class=\"wp-caption-text\">Fiona Kirkwood, South Africa: Inceptions, Installation about the circle of life; photo Beatrijs Sterk<\/figcaption><\/figure><\/p>\n<p>Die<strong>\u00a0Ausstellung der \u00a0Eingeladenen K\u00fcnstler<\/strong> <strong>der 7. Biennale f\u00fcr Zeitgen\u00f6ssische Textilkunst WTA, die von 5.10 bis 11.11 2017 im<\/strong> <strong>Nationalmuseum f\u00fcr Bildende K\u00fcnste statt fand,<\/strong>hatte zum Ziel die Bedeutung von Installationen oder innovativen dreidimensionalen Arbeiten hergestellt aus Textil, hervorzuheben. Es zeigt die Verwendung aller Arten von Materialien und die Verwendung verschiedener Technologien. Die teilnehmenden K\u00fcnstlern gingen \u00fcber jede Qualifikation oder eingeschr\u00e4nkte Kategorie hinaus.<br \/>\n<em>Statement der Kuratorin Alicia Haber<\/em><\/p>\n<figure id=\"attachment_3242\" aria-describedby=\"caption-attachment-3242\" style=\"width: 588px\" class=\"wp-caption alignleft\"><img loading=\"lazy\" decoding=\"async\" class=\"size-full wp-image-3242\" src=\"https:\/\/www.textile-forum-blog.org\/wp-content\/uploads\/2017\/12\/P1170723a.blog_.jpg\" alt=\"\" width=\"588\" height=\"800\" srcset=\"https:\/\/www.textile-forum-blog.org\/wp-content\/uploads\/2017\/12\/P1170723a.blog_.jpg 588w, https:\/\/www.textile-forum-blog.org\/wp-content\/uploads\/2017\/12\/P1170723a.blog_-221x300.jpg 221w, https:\/\/www.textile-forum-blog.org\/wp-content\/uploads\/2017\/12\/P1170723a.blog_-18x24.jpg 18w, https:\/\/www.textile-forum-blog.org\/wp-content\/uploads\/2017\/12\/P1170723a.blog_-26x36.jpg 26w, https:\/\/www.textile-forum-blog.org\/wp-content\/uploads\/2017\/12\/P1170723a.blog_-35x48.jpg 35w\" sizes=\"auto, (max-width: 588px) 100vw, 588px\" \/><figcaption id=\"caption-attachment-3242\" class=\"wp-caption-text\">Alvaro Diego G\u00f3mez Campuzano, Colombia: Steel Ship, Installation, 192 x 125 x 56 cm, stainless steel; photo Beatrijs Sterk<\/figcaption><\/figure>\n<figure id=\"attachment_3243\" aria-describedby=\"caption-attachment-3243\" style=\"width: 800px\" class=\"wp-caption alignleft\"><img loading=\"lazy\" decoding=\"async\" class=\"size-full wp-image-3243\" src=\"https:\/\/www.textile-forum-blog.org\/wp-content\/uploads\/2017\/12\/P1170730a.blog_.jpg\" alt=\"\" width=\"800\" height=\"601\" srcset=\"https:\/\/www.textile-forum-blog.org\/wp-content\/uploads\/2017\/12\/P1170730a.blog_.jpg 800w, https:\/\/www.textile-forum-blog.org\/wp-content\/uploads\/2017\/12\/P1170730a.blog_-300x225.jpg 300w, https:\/\/www.textile-forum-blog.org\/wp-content\/uploads\/2017\/12\/P1170730a.blog_-768x577.jpg 768w, https:\/\/www.textile-forum-blog.org\/wp-content\/uploads\/2017\/12\/P1170730a.blog_-24x18.jpg 24w, https:\/\/www.textile-forum-blog.org\/wp-content\/uploads\/2017\/12\/P1170730a.blog_-36x27.jpg 36w, https:\/\/www.textile-forum-blog.org\/wp-content\/uploads\/2017\/12\/P1170730a.blog_-48x36.jpg 48w\" sizes=\"auto, (max-width: 800px) 100vw, 800px\" \/><figcaption id=\"caption-attachment-3243\" class=\"wp-caption-text\">Claudia Anselmi, Uruguay:&#8221; Monochrome&#8221;, Installation, 4 layers of 500 x 140 cm and 5 layers of 360 x 140 cm; photo transfer technique; photo Beatrijs Sterk<\/figcaption><\/figure>\n<figure id=\"attachment_3244\" aria-describedby=\"caption-attachment-3244\" style=\"width: 567px\" class=\"wp-caption alignleft\"><img loading=\"lazy\" decoding=\"async\" class=\"size-full wp-image-3244\" src=\"https:\/\/www.textile-forum-blog.org\/wp-content\/uploads\/2017\/12\/P1170747a.blog_.jpg\" alt=\"\" width=\"567\" height=\"800\" srcset=\"https:\/\/www.textile-forum-blog.org\/wp-content\/uploads\/2017\/12\/P1170747a.blog_.jpg 567w, https:\/\/www.textile-forum-blog.org\/wp-content\/uploads\/2017\/12\/P1170747a.blog_-213x300.jpg 213w, https:\/\/www.textile-forum-blog.org\/wp-content\/uploads\/2017\/12\/P1170747a.blog_-17x24.jpg 17w, https:\/\/www.textile-forum-blog.org\/wp-content\/uploads\/2017\/12\/P1170747a.blog_-26x36.jpg 26w, https:\/\/www.textile-forum-blog.org\/wp-content\/uploads\/2017\/12\/P1170747a.blog_-34x48.jpg 34w\" sizes=\"auto, (max-width: 567px) 100vw, 567px\" \/><figcaption id=\"caption-attachment-3244\" class=\"wp-caption-text\">Beatriz Oggetto, Uruguay:&#8221;Fire&#8221;,Installation, 7 modules of 250 x 50 x 70 cm; own technique; photo Beatrijs Sterk<\/figcaption><\/figure>\n<figure id=\"attachment_3245\" aria-describedby=\"caption-attachment-3245\" style=\"width: 588px\" class=\"wp-caption alignleft\"><img loading=\"lazy\" decoding=\"async\" class=\"size-full wp-image-3245\" src=\"https:\/\/www.textile-forum-blog.org\/wp-content\/uploads\/2017\/12\/P1170776a.blog_.jpg\" alt=\"\" width=\"588\" height=\"800\" srcset=\"https:\/\/www.textile-forum-blog.org\/wp-content\/uploads\/2017\/12\/P1170776a.blog_.jpg 588w, https:\/\/www.textile-forum-blog.org\/wp-content\/uploads\/2017\/12\/P1170776a.blog_-221x300.jpg 221w, https:\/\/www.textile-forum-blog.org\/wp-content\/uploads\/2017\/12\/P1170776a.blog_-18x24.jpg 18w, https:\/\/www.textile-forum-blog.org\/wp-content\/uploads\/2017\/12\/P1170776a.blog_-26x36.jpg 26w, https:\/\/www.textile-forum-blog.org\/wp-content\/uploads\/2017\/12\/P1170776a.blog_-35x48.jpg 35w\" sizes=\"auto, (max-width: 588px) 100vw, 588px\" \/><figcaption id=\"caption-attachment-3245\" class=\"wp-caption-text\">Kari Steilhang, Norway: &#8220;Protected Area&#8221;Installation; wool, wood and nails; variable techniques; photo Beatrijs Sterk<\/figcaption><\/figure>\n<figure id=\"attachment_3246\" aria-describedby=\"caption-attachment-3246\" style=\"width: 634px\" class=\"wp-caption alignleft\"><img loading=\"lazy\" decoding=\"async\" class=\"size-large wp-image-3246\" src=\"https:\/\/www.textile-forum-blog.org\/wp-content\/uploads\/2017\/12\/P1170780a.blog_-634x1024.jpg\" alt=\"\" width=\"634\" height=\"1024\" srcset=\"https:\/\/www.textile-forum-blog.org\/wp-content\/uploads\/2017\/12\/P1170780a.blog_-634x1024.jpg 634w, https:\/\/www.textile-forum-blog.org\/wp-content\/uploads\/2017\/12\/P1170780a.blog_-186x300.jpg 186w, https:\/\/www.textile-forum-blog.org\/wp-content\/uploads\/2017\/12\/P1170780a.blog_-768x1240.jpg 768w, https:\/\/www.textile-forum-blog.org\/wp-content\/uploads\/2017\/12\/P1170780a.blog_-15x24.jpg 15w, https:\/\/www.textile-forum-blog.org\/wp-content\/uploads\/2017\/12\/P1170780a.blog_-22x36.jpg 22w, https:\/\/www.textile-forum-blog.org\/wp-content\/uploads\/2017\/12\/P1170780a.blog_-30x48.jpg 30w, https:\/\/www.textile-forum-blog.org\/wp-content\/uploads\/2017\/12\/P1170780a.blog_.jpg 800w\" sizes=\"auto, (max-width: 634px) 100vw, 634px\" \/><figcaption id=\"caption-attachment-3246\" class=\"wp-caption-text\">ManuelAmeztoy, Argentina: No Title,270 x 130 x 50 cm; Installation, open work, blue wool; photo Beatrijs Sterk<\/figcaption><\/figure>\n<figure id=\"attachment_3247\" aria-describedby=\"caption-attachment-3247\" style=\"width: 800px\" class=\"wp-caption alignleft\"><img loading=\"lazy\" decoding=\"async\" class=\"size-full wp-image-3247\" src=\"https:\/\/www.textile-forum-blog.org\/wp-content\/uploads\/2017\/12\/P1170782a.blog_.jpg\" alt=\"\" width=\"800\" height=\"586\" srcset=\"https:\/\/www.textile-forum-blog.org\/wp-content\/uploads\/2017\/12\/P1170782a.blog_.jpg 800w, https:\/\/www.textile-forum-blog.org\/wp-content\/uploads\/2017\/12\/P1170782a.blog_-300x220.jpg 300w, https:\/\/www.textile-forum-blog.org\/wp-content\/uploads\/2017\/12\/P1170782a.blog_-768x563.jpg 768w, https:\/\/www.textile-forum-blog.org\/wp-content\/uploads\/2017\/12\/P1170782a.blog_-24x18.jpg 24w, https:\/\/www.textile-forum-blog.org\/wp-content\/uploads\/2017\/12\/P1170782a.blog_-36x26.jpg 36w, https:\/\/www.textile-forum-blog.org\/wp-content\/uploads\/2017\/12\/P1170782a.blog_-48x35.jpg 48w\" sizes=\"auto, (max-width: 800px) 100vw, 800px\" \/><figcaption id=\"caption-attachment-3247\" class=\"wp-caption-text\">Monique Lehman, Poland: Rainforest, 250 x 400 x 150 cm; rayon, silk ans wool; embroidery technique; photo Beatrijs Sterk<\/figcaption><\/figure>\n<p><figure id=\"attachment_3248\" aria-describedby=\"caption-attachment-3248\" style=\"width: 701px\" class=\"wp-caption alignleft\"><img loading=\"lazy\" decoding=\"async\" class=\"size-full wp-image-3248\" src=\"https:\/\/www.textile-forum-blog.org\/wp-content\/uploads\/2017\/12\/P1170825a.blog_.jpg\" alt=\"\" width=\"701\" height=\"800\" srcset=\"https:\/\/www.textile-forum-blog.org\/wp-content\/uploads\/2017\/12\/P1170825a.blog_.jpg 701w, https:\/\/www.textile-forum-blog.org\/wp-content\/uploads\/2017\/12\/P1170825a.blog_-263x300.jpg 263w, https:\/\/www.textile-forum-blog.org\/wp-content\/uploads\/2017\/12\/P1170825a.blog_-21x24.jpg 21w, https:\/\/www.textile-forum-blog.org\/wp-content\/uploads\/2017\/12\/P1170825a.blog_-32x36.jpg 32w, https:\/\/www.textile-forum-blog.org\/wp-content\/uploads\/2017\/12\/P1170825a.blog_-42x48.jpg 42w\" sizes=\"auto, (max-width: 701px) 100vw, 701px\" \/><figcaption id=\"caption-attachment-3248\" class=\"wp-caption-text\">Dora Hara, Poland:&#8221; Five-dimensioned spaces&#8221;, 320 x 656 x 140 cm, Installation, silk; silk painting; photo Beatrijs Sterk<\/figcaption><\/figure><\/p>","protected":false},"excerpt":{"rendered":"<p>Die\u00a0Ausstellung der \u00a0Eingeladenen K\u00fcnstler der 7. Biennale f\u00fcr Zeitgen\u00f6ssische Textilkunst WTA, die von 5.10 bis 11.11 2017 im Nationalmuseum f\u00fcr Bildende K\u00fcnste statt fand,hatte zum Ziel die Bedeutung von Installationen&#8230;<\/p>\n","protected":false},"author":1,"featured_media":3242,"comment_status":"closed","ping_status":"closed","sticky":false,"template":"","format":"standard","meta":{"footnotes":""},"categories":[12],"tags":[101,103,102],"class_list":["post-3249","post","type-post","status-publish","format-standard","has-post-thumbnail","hentry","category-exhibitions","tag-th-biennial-of-contemporary-textile-arts","tag-montevideo","tag-wta"],"_links":{"self":[{"href":"https:\/\/www.textile-forum-blog.org\/de\/wp-json\/wp\/v2\/posts\/3249","targetHints":{"allow":["GET"]}}],"collection":[{"href":"https:\/\/www.textile-forum-blog.org\/de\/wp-json\/wp\/v2\/posts"}],"about":[{"href":"https:\/\/www.textile-forum-blog.org\/de\/wp-json\/wp\/v2\/types\/post"}],"author":[{"embeddable":true,"href":"https:\/\/www.textile-forum-blog.org\/de\/wp-json\/wp\/v2\/users\/1"}],"replies":[{"embeddable":true,"href":"https:\/\/www.textile-forum-blog.org\/de\/wp-json\/wp\/v2\/comments?post=3249"}],"version-history":[{"count":0,"href":"https:\/\/www.textile-forum-blog.org\/de\/wp-json\/wp\/v2\/posts\/3249\/revisions"}],"wp:featuredmedia":[{"embeddable":true,"href":"https:\/\/www.textile-forum-blog.org\/de\/wp-json\/wp\/v2\/media\/3242"}],"wp:attachment":[{"href":"https:\/\/www.textile-forum-blog.org\/de\/wp-json\/wp\/v2\/media?parent=3249"}],"wp:term":[{"taxonomy":"category","embeddable":true,"href":"https:\/\/www.textile-forum-blog.org\/de\/wp-json\/wp\/v2\/categories?post=3249"},{"taxonomy":"post_tag","embeddable":true,"href":"https:\/\/www.textile-forum-blog.org\/de\/wp-json\/wp\/v2\/tags?post=3249"}],"curies":[{"name":"wp","href":"https:\/\/api.w.org\/{rel}","templated":true}]}}