{"id":281,"date":"2013-12-25T17:54:18","date_gmt":"2013-12-25T16:54:18","guid":{"rendered":"http:\/\/www.textile-forum-blog.org\/?p=281"},"modified":"2014-04-02T22:43:44","modified_gmt":"2014-04-02T21:43:44","slug":"art-textile","status":"publish","type":"post","link":"https:\/\/www.textile-forum-blog.org\/de\/2013\/12\/art-textile\/","title":{"rendered":"Kunst &#038; Textil"},"content":{"rendered":"<p><\/p>\n<p style=\"text-align: left;\"><b><a href=\"https:\/\/www.textile-forum-blog.org\/wp-content\/uploads\/2013\/12\/TF4_2013_45_02.jpg\"><img loading=\"lazy\" decoding=\"async\" class=\"wp-image-290 alignleft\" alt=\"TF4_2013_45_02\" src=\"https:\/\/www.textile-forum-blog.org\/wp-content\/uploads\/2013\/12\/TF4_2013_45_02.jpg\" width=\"179\" height=\"230\" srcset=\"https:\/\/www.textile-forum-blog.org\/wp-content\/uploads\/2013\/12\/TF4_2013_45_02.jpg 496w, https:\/\/www.textile-forum-blog.org\/wp-content\/uploads\/2013\/12\/TF4_2013_45_02-233x300.jpg 233w\" sizes=\"auto, (max-width: 179px) 100vw, 179px\" \/><\/a><\/b><\/p>\n<p style=\"text-align: left;\"><b>Stoff als Material und Idee in der Moderne von Klint bis heute<\/b>, Hrsg. Markus Br\u00fcderlin; Vlg. Hatje Cantz, Ostfildern 2013, <a href=\"http:\/\/www.amazon.de\/Kunst-Textil-Stoff-Material-Moderne\/dp\/3775736263\/ref=sr_1_1?ie=UTF8&#038;qid=1387990818&#038;sr=8-1&#038;keywords=9783775736268\">ISBN 978-3-7757-3626-8<\/a>; 392 Seiten, 400 Farbabb.; deutsche und englische Buchangaben.<\/p>\n<p>Dieses Buch, das die <a href=\"https:\/\/www.textile-forum-blog.org\/?p=275\u3008=de#more-275\">Ausstellung gleichen Titels<\/a> begleitet, wurde drei Jahre lang geplant und versteht sich als Entsprechung zu der 2001 im gleichen Wolfsburger Kunstmuseum gezeigten Ausstellung \u201cOrnament und Abstraktion \u2013 Kunst der Kulturen, Moderne und Gegenwart im Dialog\u201d. Das Museumsteam unter Leitung seines Direktors Markus Br\u00fcderlin bestand aus Kunstwissenschaftlern ohne Bezug zum Textilen, weder in Ausbildung noch in Praxis. Man ist stolz darauf, ein Standardwerk zu diesem Thema erarbeitet zu haben, mit 14 beteiligten Autoren, darunter Beverly Gordon, die zwar aus ihrem textilen Repertoire sch\u00f6pft, aber mit der Konzeption von Ausstellung und Buch nichts zu tun hatte. Man muss vor dem Rechercheflei\u00df des Teams den Hut ziehen. Es ging ihnen nicht darum, die Kunstgeschichte vom Jugendstil bis zum Heute zu referieren, auch nicht eine \u00dcbersicht \u00fcber die textilen K\u00fcnste in dieser Zeit zu geben, sondern durch eine Vielzahl an Querbez\u00fcgen zur Malerei und den Objekten aus anderen Kulturen gedankliche Konstellationen zu schaffen, immer auf der Spur des textilen Einflusses auf das zu geben, was sie unter \u2018moderner Kunst\u2019 verstehen. Es werden der \u00f6sterreichische Kunsthistoriker Alois Riegl (1858 &#8211; 1905) und der Architekt Gottfried Semper (1803 &#8211; 1879) bem\u00fcht, um ideologisch das Textile in ihren Kontext einzuf\u00fcgen, das doch eigentlich etwas Kunstgewerbliches ist, Frauenkram und weibliche Hausarbeit. Dieses Vorurteil zu \u00fcberwinden, helfen ihnen die \u2018Spiderwomen\u2019 Bourgeois, Trockel, Hatoum und Amer, die sich ohnehin selbst schon in die \u2018moderne Kunst\u2019 eingeschlichen und sie gelehrt hatten, dass man so etwas nicht mehr denken darf. Sie geben zwar Lenore Tawney Raum, vertrauen aber lieber auf Rosemarie Trockel, die zusammen mit ihrer Galeristin seit Jahren effekthascherisch unterwegs ist. Das Kunstmuseum Wolfsburg m\u00f6chte seine Arbeit als die Erkundung der Bedeutung des Textilen verstanden wissen, auch als eine \u2018Neulesung\u2019 der Geschichte der modernen Kunst vom Jugendstil bis heute. Als Leser, der den Apologeten der \u2018modernen Kunst\u2019 misstraut, die ja nur einen Teilbereich der bildenden Kunst bearbeiten und die Kunst des Herstellens des physischen Objektes missachtet, nur den \u2018geistigen\u2019 Gehalt des Ergebnisses misst, sieht man sie das textile Medium nicht erfassen, dessen Gebrauchswert immer Bestandteil seiner Existenz ist, wie das Ergebnis von Architektur oder Agrikultur. Man h\u00f6rt, dass die Museen und ihr Personal um die Deutungshoheit in ihrem Metier f\u00fcrchten, die angesichts der elektronisch verf\u00fcgbaren Meinungsvielfalt in Gefahr geraten sei. Wir sollten hoffen, von Deutungshoheiten verschont zu werden!<\/p>\n<p><\/p>","protected":false},"excerpt":{"rendered":"<p>Stoff als Material und Idee in der Moderne von Klint bis heute, Hrsg. Markus Br\u00fcderlin; Vlg. Hatje Cantz, Ostfildern 2013, ISBN 978-3-7757-3626-8; 392 Seiten, 400 Farbabb.; deutsche und englische Buchangaben&#8230;.<\/p>\n","protected":false},"author":1,"featured_media":287,"comment_status":"closed","ping_status":"closed","sticky":false,"template":"","format":"image","meta":{"footnotes":""},"categories":[11],"tags":[],"class_list":["post-281","post","type-post","status-publish","format-image","has-post-thumbnail","hentry","category-books-2","post_format-post-format-image"],"_links":{"self":[{"href":"https:\/\/www.textile-forum-blog.org\/de\/wp-json\/wp\/v2\/posts\/281","targetHints":{"allow":["GET"]}}],"collection":[{"href":"https:\/\/www.textile-forum-blog.org\/de\/wp-json\/wp\/v2\/posts"}],"about":[{"href":"https:\/\/www.textile-forum-blog.org\/de\/wp-json\/wp\/v2\/types\/post"}],"author":[{"embeddable":true,"href":"https:\/\/www.textile-forum-blog.org\/de\/wp-json\/wp\/v2\/users\/1"}],"replies":[{"embeddable":true,"href":"https:\/\/www.textile-forum-blog.org\/de\/wp-json\/wp\/v2\/comments?post=281"}],"version-history":[{"count":0,"href":"https:\/\/www.textile-forum-blog.org\/de\/wp-json\/wp\/v2\/posts\/281\/revisions"}],"wp:featuredmedia":[{"embeddable":true,"href":"https:\/\/www.textile-forum-blog.org\/de\/wp-json\/wp\/v2\/media\/287"}],"wp:attachment":[{"href":"https:\/\/www.textile-forum-blog.org\/de\/wp-json\/wp\/v2\/media?parent=281"}],"wp:term":[{"taxonomy":"category","embeddable":true,"href":"https:\/\/www.textile-forum-blog.org\/de\/wp-json\/wp\/v2\/categories?post=281"},{"taxonomy":"post_tag","embeddable":true,"href":"https:\/\/www.textile-forum-blog.org\/de\/wp-json\/wp\/v2\/tags?post=281"}],"curies":[{"name":"wp","href":"https:\/\/api.w.org\/{rel}","templated":true}]}}