{"id":260,"date":"2013-12-25T16:54:21","date_gmt":"2013-12-25T15:54:21","guid":{"rendered":"http:\/\/www.textile-forum-blog.org\/?p=260"},"modified":"2014-01-18T17:20:09","modified_gmt":"2014-01-18T16:20:09","slug":"textiles-open-letter","status":"publish","type":"post","link":"https:\/\/www.textile-forum-blog.org\/de\/2013\/12\/textiles-open-letter\/","title":{"rendered":"Textiles Open Letter"},"content":{"rendered":"<p><a href=\"https:\/\/www.textile-forum-blog.org\/wp-content\/uploads\/2013\/12\/3.textiles-Giauque.jpg\"><img loading=\"lazy\" decoding=\"async\" class=\"alignleft size-medium wp-image-174\" alt=\"Elsi Giauque\" src=\"https:\/\/www.textile-forum-blog.org\/wp-content\/uploads\/2013\/12\/3.textiles-Giauque-300x225.jpg\" width=\"300\" height=\"225\" srcset=\"https:\/\/www.textile-forum-blog.org\/wp-content\/uploads\/2013\/12\/3.textiles-Giauque-300x225.jpg 300w, https:\/\/www.textile-forum-blog.org\/wp-content\/uploads\/2013\/12\/3.textiles-Giauque.jpg 600w\" sizes=\"auto, (max-width: 300px) 100vw, 300px\" \/><\/a>F\u00fcr ein ganz besonderes St\u00fcck Verwirrung sorgt das Museum Abteiberg in M\u00f6nchengladbach, das mit dem Untertitel &#8220;Abstraktionen, Textilien, Kunst&#8221; die Ausstellung vom 23.6. bis 10.11.2013 in seinen R\u00e4umen zeigte. Das Teilnehmerverzeichnis enth\u00e4lt Namen wie Anni Albers, Lenore Tawney, Magdalena Abakanowicz, Jagoda Buic, Sheila Hicks, weiter K\u00fcnstler aus der Zeit der Lausanne-Biennalen, darunter viele Niederl\u00e4nder, aber auch Paul Klee, Johannes Itten und j\u00fcngere Leute, die textile Materialien verwenden, wie Rosemarie Trockel.<\/p>\n<p><!--more--><\/p>\n<p>&#8216;Textiles: Open Letter&#8217; ist ein Projekt der in Leipzig lebenden Kuratorin Rike Frank, zusammen mit Grant Watson (London), Sabeth Buchmann (Wien) und Leire Vergara (Bilbao), finanziert von der Allianz Kulturstiftung und der Kulturstiftung des Freistaates Sachsen. In einer Serie von Gespr\u00e4chen, Ausstellungen, Seminaren und weiteren Pr\u00e4sentationen versuchte man die Frage nach der aktuellen Bedeutung des Textilen in der zeitgen\u00f6ssischen Kunst zu beantworten. Hierf\u00fcr ben\u00f6tigte man innerhalb von eineinhalb Jahren acht Treffen in London, Wien, Leipzig und Bilbao, um schlie\u00dflich in M\u00f6nchengladbach eine gro\u00dfe Ausstellung einzurichten, die ihr Publikum ratlos hinterl\u00e4sst.<\/p>\n<p>Weder die Mitglieder der Projektgruppe, noch das Museum Abteiberg sind in Sachen Textilkunst jemals auff\u00e4llig geworden. Allerdings haben die Kunstwissenschaftler und der offizielle Kulturbetrieb immer schon gewusst, wie man mit interessant klingenden Projektexpos\u00e9s F\u00f6rdermittel angeln kann. In M\u00f6nchengladbach beteiligten sich auch die Kunststiftung NRW und der niederl\u00e4ndische Mondriaan Fonds an der Finanzierung. Wenn die Ausstellung, wie geplant, im Jahre 2014 in Wien zu sehen sein wird, gibt die Generali Fondation Raum und Geld.<\/p>\n<p>Worin besteht nun die Verwirrung, die von der Ausstellung in M\u00f6nchengladbach ausgeht? Ein Film erinnert an einige Werke in ehemaligen Lausanne-Ausstellungen, dann wird man in einen Saal gef\u00fchrt, der mit alten Klassikern, z. B. von Tawney, Abakanowicz, Buic etc. gef\u00fcllt ist; am Ausgang stehen Vitrinen mit Dokumenten aus Holland, einer europ\u00e4ischen Region in der parallel zu den Lausanne-Biennalen ein sehr innovatives Textilkunstklima herrschte (Musste man dem Mondoriaan Fonds Tribut leisten?). Warum beachtete man die Situation in Polen nicht, in der es vergleichbar fruchtbar zuging?<\/p>\n<p>Die Begleittexte zur Ausstellung \u2013 eine Ansammlung von Kunstgeschw\u00e4tz \u2013 erkl\u00e4ren den Begriff &#8216;Open Letter&#8217; mit einem Text von Anni Albers aus dem Jahre 1958, aus dem hervorgehen soll, dass sie im gesamten Zeitraum ihrer k\u00fcnstlerischen wie lehrenden T\u00e4tigkeit die N\u00e4he zur Bildenden Kunst und zu historischen Vorl\u00e4ufern einer Sprache der Abstraktion gesucht haben soll, wie sie sie in pr\u00e4kolumbianischen Textilien fand. Sie sei von der gleichen Motivation getragen gewesen, Weben als k\u00fcnstlerisches Medium zu etablieren wie die Projektteilnehmer (?). \u2013 Nirgendwo in den Begleittexten und in der Ausstellung taucht diese Schl\u00fcsselquelle auf!<\/p>\n<p>Von pr\u00e4kolumbianischen Textilien waren mehrere Textilk\u00fcnstlerinnen der Aufbruchszeit inspiriert, nichts davon in der Ausstellung, stattdessen einige koptische Fragmente aus dem Museumsbestand&#8230; Dann hei\u00dft es: &#8220;Die Ausstellung zeigt, auf welch vielf\u00e4ltige Weise die Geschichte des Minimalismus und der Konzeptkunst, wie sie die Sammlung des Museum Abteiberg pr\u00e4gen, von Textilien beeinflusst und wie sehr gleichzeitig das Textile auch immer wieder aufgrund seiner Position zwischen angewandter und freier Kunst und seinen Zuschreibungen als &#8216;weiblich&#8217; aus einem g\u00e4ngigen Kanon verdr\u00e4ngt wurde.&#8221; Dieser Hinweis erkl\u00e4rt, warum der Ausstellungsteil &#8220;Textiles: Open Letter&#8221; im Museumsgeb\u00e4ude nahtlos in die Pr\u00e4sentation von Exponaten des Museums aus den 1920er Jahren bis heute \u00fcbergeht. (War dieser lautlose \u00dcbergang der NRW-Kunststiftung geschuldet?) Man bekommt hier leider den Eindruck, dass ein an sich spannendes Thema mit teils sehr interessanten Objekten in Text und Darstellung einem Raster an Sponsorenanforderungen geopfert wurde \u2013 und ist verstimmt! (<a href=\"http:\/\/www.museum-abteiberg.de\">http:\/\/www.museum-abteiberg.de<\/a>)<\/p>\n<p><\/p>","protected":false},"excerpt":{"rendered":"<p>F\u00fcr ein ganz besonderes St\u00fcck Verwirrung sorgt das Museum Abteiberg in M\u00f6nchengladbach, das mit dem Untertitel &#8220;Abstraktionen, Textilien, Kunst&#8221; die Ausstellung vom 23.6. bis 10.11.2013 in seinen R\u00e4umen zeigte. Das&#8230;<\/p>\n","protected":false},"author":1,"featured_media":174,"comment_status":"closed","ping_status":"closed","sticky":false,"template":"","format":"standard","meta":{"footnotes":""},"categories":[12],"tags":[],"class_list":["post-260","post","type-post","status-publish","format-standard","has-post-thumbnail","hentry","category-exhibitions"],"_links":{"self":[{"href":"https:\/\/www.textile-forum-blog.org\/de\/wp-json\/wp\/v2\/posts\/260","targetHints":{"allow":["GET"]}}],"collection":[{"href":"https:\/\/www.textile-forum-blog.org\/de\/wp-json\/wp\/v2\/posts"}],"about":[{"href":"https:\/\/www.textile-forum-blog.org\/de\/wp-json\/wp\/v2\/types\/post"}],"author":[{"embeddable":true,"href":"https:\/\/www.textile-forum-blog.org\/de\/wp-json\/wp\/v2\/users\/1"}],"replies":[{"embeddable":true,"href":"https:\/\/www.textile-forum-blog.org\/de\/wp-json\/wp\/v2\/comments?post=260"}],"version-history":[{"count":0,"href":"https:\/\/www.textile-forum-blog.org\/de\/wp-json\/wp\/v2\/posts\/260\/revisions"}],"wp:featuredmedia":[{"embeddable":true,"href":"https:\/\/www.textile-forum-blog.org\/de\/wp-json\/wp\/v2\/media\/174"}],"wp:attachment":[{"href":"https:\/\/www.textile-forum-blog.org\/de\/wp-json\/wp\/v2\/media?parent=260"}],"wp:term":[{"taxonomy":"category","embeddable":true,"href":"https:\/\/www.textile-forum-blog.org\/de\/wp-json\/wp\/v2\/categories?post=260"},{"taxonomy":"post_tag","embeddable":true,"href":"https:\/\/www.textile-forum-blog.org\/de\/wp-json\/wp\/v2\/tags?post=260"}],"curies":[{"name":"wp","href":"https:\/\/api.w.org\/{rel}","templated":true}]}}