{"id":2557,"date":"2016-08-22T16:48:13","date_gmt":"2016-08-22T15:48:13","guid":{"rendered":"http:\/\/www.textile-forum-blog.org\/de\/?p=2557"},"modified":"2016-08-22T16:48:13","modified_gmt":"2016-08-22T15:48:13","slug":"5th-european-tapestry-triennial","status":"publish","type":"post","link":"https:\/\/www.textile-forum-blog.org\/de\/2016\/08\/5th-european-tapestry-triennial\/","title":{"rendered":"5th Europ\u00e4ische Tapisserie Triennale"},"content":{"rendered":"<p><figure id=\"attachment_2556\" aria-describedby=\"caption-attachment-2556\" style=\"width: 800px\" class=\"wp-caption aligncenter\"><img loading=\"lazy\" decoding=\"async\" class=\"size-full wp-image-2556\" src=\"https:\/\/www.textile-forum-blog.org\/wp-content\/uploads\/2016\/08\/The-Impossible-Puzzle-Lise-Fr\u00f8lund.blog_.jpg\" alt=\"Lise Fr\u00f8lund\/DK: &quot;The Impossible Puzzle&quot; from 2012 consists of five oblong tapestries. Each oblong shows parts of grown ups and children in relaxed play. On the one side of each part of the tapestry the motifs are clearly recognizable, on the reverse side the colours are complementary. Apparently, the five oblongs hung in a sequence make up an integral whole, but whichever way you turn them, show them, front or back, fractured surfaces will appear when they are put together. Materials:Flax,polyester,paper.Measures: 6.4 by 1.4 metres \" width=\"800\" height=\"631\" srcset=\"https:\/\/www.textile-forum-blog.org\/wp-content\/uploads\/2016\/08\/The-Impossible-Puzzle-Lise-Fr\u00f8lund.blog_.jpg 800w, https:\/\/www.textile-forum-blog.org\/wp-content\/uploads\/2016\/08\/The-Impossible-Puzzle-Lise-Fr\u00f8lund.blog_-300x237.jpg 300w\" sizes=\"auto, (max-width: 800px) 100vw, 800px\" \/><figcaption id=\"caption-attachment-2556\" class=\"wp-caption-text\">Lise Fr\u00f8lund\/DK: &#8220;The Impossible Puzzle&#8221; from 2012 consists of five oblong tapestries. Each oblong shows parts of grown ups and children in relaxed play. On the one side of each part of the tapestry the motifs are clearly recognizable, on the reverse side the colours are complementary. Apparently, the five oblongs hung in a sequence make up an integral whole, but whichever way you turn them, show them, front or back, fractured surfaces will appear when they are put together.<br \/>Materials:Flax,polyester,paper.Measures: 6.4 by 1.4 metres<\/figcaption><\/figure><\/p>\n<p><strong>Das europ\u00e4ische Tapisserieforum (European Tapestry Forum &#8211; ETF) k\u00fcndigt seine f\u00fcnfte Tapisserie-Triennale &#8220;Artapestry 5&#8221; an. Einsendeschluss f\u00fcr die Ausstellung &#8220;Artapestry 5&#8221; ist der 31. M\u00e4rz 2017. Die Ausstellung wird im Januar 2018 in D\u00e4nemark er\u00f6ffnet.<\/strong><\/p>\n<p>Das European Tapestry Forum ist eine paneurop\u00e4ische Organisation professioneller Tapisserieweber, die das Ansehen der Tapisserie als Kunstform verbessern wollen und eine Plattform f\u00fcr K\u00fcnstler zur Verf\u00fcgung stellen m\u00f6chten, die mit dem Medium der Tapisserie arbeiten. Die Organisation geht auf das wachsende Bed\u00fcrfnis der Tapisseriek\u00fcnstler ein, im europ\u00e4ischen Rahmen zusammen zu arbeiten, um so Erneuerungen und \u00f6ffentliche Sichtbarkeit dieser Kunstform sicherzustellen. Das European Tapestry Forum will Tapisserieweber zusammenbringen, um dadurch Zusammenarbeit, den Austausch von Ideen sowie Fortbildung zu f\u00f6rdern.<\/p>\n<p>Mehr Informationen \u00fcber die ersten vier Tapisserie-Triennalen sind auf der Website zu finden: <a href=\"http:\/\/www.tapestry.dk\">www.tapestry.dk<\/a><br \/>\nKataloge der vorherigen Ausstellungen sind \u00fcber diese Website verf\u00fcgbar! Weitere Informationen: <a href=\"mailto:mail@tapestry.dk\">mail@tapestry.dk<\/a><\/p>\n<figure id=\"attachment_2555\" aria-describedby=\"caption-attachment-2555\" style=\"width: 800px\" class=\"wp-caption aligncenter\"><img loading=\"lazy\" decoding=\"async\" class=\"size-full wp-image-2555\" src=\"https:\/\/www.textile-forum-blog.org\/wp-content\/uploads\/2016\/08\/Taivun.I.bend_.blog_.jpg\" alt=\"Aino KajaniemiFIN: &quot;Taivun I bend&quot;, 2013, 71 x 156 cm, tapestry at the 4th European Tapestry Triennial\" width=\"800\" height=\"362\" srcset=\"https:\/\/www.textile-forum-blog.org\/wp-content\/uploads\/2016\/08\/Taivun.I.bend_.blog_.jpg 800w, https:\/\/www.textile-forum-blog.org\/wp-content\/uploads\/2016\/08\/Taivun.I.bend_.blog_-300x136.jpg 300w\" sizes=\"auto, (max-width: 800px) 100vw, 800px\" \/><figcaption id=\"caption-attachment-2555\" class=\"wp-caption-text\">Aino KajaniemiFIN: &#8220;Taivun I bend&#8221;, 2013, 71 x 156 cm, tapestry at the 4th European Tapestry Triennial<\/figcaption><\/figure>\n<figure id=\"attachment_2554\" aria-describedby=\"caption-attachment-2554\" style=\"width: 554px\" class=\"wp-caption aligncenter\"><img loading=\"lazy\" decoding=\"async\" class=\"size-full wp-image-2554\" src=\"https:\/\/www.textile-forum-blog.org\/wp-content\/uploads\/2016\/08\/PeterHornPrater.blog_.jpg\" alt=\"Peter Horn\/D: &quot;Prater&quot;, tapestry at the 4th European Tapestry Triennial\" width=\"554\" height=\"700\" srcset=\"https:\/\/www.textile-forum-blog.org\/wp-content\/uploads\/2016\/08\/PeterHornPrater.blog_.jpg 554w, https:\/\/www.textile-forum-blog.org\/wp-content\/uploads\/2016\/08\/PeterHornPrater.blog_-237x300.jpg 237w\" sizes=\"auto, (max-width: 554px) 100vw, 554px\" \/><figcaption id=\"caption-attachment-2554\" class=\"wp-caption-text\">Peter Horn\/D: &#8220;Prater&#8221;, tapestry at the 4th European Tapestry Triennial<\/figcaption><\/figure>\n<p><figure id=\"attachment_2553\" aria-describedby=\"caption-attachment-2553\" style=\"width: 799px\" class=\"wp-caption aligncenter\"><img loading=\"lazy\" decoding=\"async\" class=\"size-full wp-image-2553\" src=\"https:\/\/www.textile-forum-blog.org\/wp-content\/uploads\/2016\/08\/Joanna_Soroka.lots_of_dots_blog.jpg\" alt=\"Joanna Soroka\/UK: &quot;Lots of Dots&quot;, 2010 mixed media ; tapestry at the 4th European Tapestry Triennial\" width=\"799\" height=\"799\" srcset=\"https:\/\/www.textile-forum-blog.org\/wp-content\/uploads\/2016\/08\/Joanna_Soroka.lots_of_dots_blog.jpg 799w, https:\/\/www.textile-forum-blog.org\/wp-content\/uploads\/2016\/08\/Joanna_Soroka.lots_of_dots_blog-200x200.jpg 200w, https:\/\/www.textile-forum-blog.org\/wp-content\/uploads\/2016\/08\/Joanna_Soroka.lots_of_dots_blog-300x300.jpg 300w\" sizes=\"auto, (max-width: 799px) 100vw, 799px\" \/><figcaption id=\"caption-attachment-2553\" class=\"wp-caption-text\">Joanna Soroka\/UK: &#8220;Lots of Dots&#8221;, 2010<br \/>mixed media ; tapestry at the 4th European Tapestry Triennial<\/figcaption><\/figure><\/p>","protected":false},"excerpt":{"rendered":"<p>Das europ\u00e4ische Tapisserieforum (European Tapestry Forum &#8211; ETF) k\u00fcndigt seine f\u00fcnfte Tapisserie-Triennale &#8220;Artapestry 5&#8221; an. Einsendeschluss f\u00fcr die Ausstellung &#8220;Artapestry 5&#8221; ist der 31. M\u00e4rz 2017. Die Ausstellung wird im&#8230;<\/p>\n","protected":false},"author":1,"featured_media":2553,"comment_status":"closed","ping_status":"closed","sticky":false,"template":"","format":"standard","meta":{"footnotes":""},"categories":[13],"tags":[75],"class_list":["post-2557","post","type-post","status-publish","format-standard","has-post-thumbnail","hentry","category-competitions","tag-5th-european-tapestry-triennial"],"_links":{"self":[{"href":"https:\/\/www.textile-forum-blog.org\/de\/wp-json\/wp\/v2\/posts\/2557","targetHints":{"allow":["GET"]}}],"collection":[{"href":"https:\/\/www.textile-forum-blog.org\/de\/wp-json\/wp\/v2\/posts"}],"about":[{"href":"https:\/\/www.textile-forum-blog.org\/de\/wp-json\/wp\/v2\/types\/post"}],"author":[{"embeddable":true,"href":"https:\/\/www.textile-forum-blog.org\/de\/wp-json\/wp\/v2\/users\/1"}],"replies":[{"embeddable":true,"href":"https:\/\/www.textile-forum-blog.org\/de\/wp-json\/wp\/v2\/comments?post=2557"}],"version-history":[{"count":0,"href":"https:\/\/www.textile-forum-blog.org\/de\/wp-json\/wp\/v2\/posts\/2557\/revisions"}],"wp:featuredmedia":[{"embeddable":true,"href":"https:\/\/www.textile-forum-blog.org\/de\/wp-json\/wp\/v2\/media\/2553"}],"wp:attachment":[{"href":"https:\/\/www.textile-forum-blog.org\/de\/wp-json\/wp\/v2\/media?parent=2557"}],"wp:term":[{"taxonomy":"category","embeddable":true,"href":"https:\/\/www.textile-forum-blog.org\/de\/wp-json\/wp\/v2\/categories?post=2557"},{"taxonomy":"post_tag","embeddable":true,"href":"https:\/\/www.textile-forum-blog.org\/de\/wp-json\/wp\/v2\/tags?post=2557"}],"curies":[{"name":"wp","href":"https:\/\/api.w.org\/{rel}","templated":true}]}}