{"id":2534,"date":"2016-08-03T17:48:40","date_gmt":"2016-08-03T16:48:40","guid":{"rendered":"http:\/\/www.textile-forum-blog.org\/?p=2534"},"modified":"2016-08-03T17:48:40","modified_gmt":"2016-08-03T16:48:40","slug":"asia-europe-iii","status":"publish","type":"post","link":"https:\/\/www.textile-forum-blog.org\/de\/2016\/08\/asia-europe-iii\/","title":{"rendered":"Asien Europa III"},"content":{"rendered":"<p><figure id=\"attachment_2541\" aria-describedby=\"caption-attachment-2541\" style=\"width: 800px\" class=\"wp-caption aligncenter\"><img loading=\"lazy\" decoding=\"async\" class=\"size-full wp-image-2541\" src=\"https:\/\/www.textile-forum-blog.org\/wp-content\/uploads\/2016\/08\/Beili-Liu_Toil-detail.blog_.jpg\" alt=\"Beile Liu\/China: &quot;Toil&quot;, detail\" width=\"800\" height=\"533\" srcset=\"https:\/\/www.textile-forum-blog.org\/wp-content\/uploads\/2016\/08\/Beili-Liu_Toil-detail.blog_.jpg 800w, https:\/\/www.textile-forum-blog.org\/wp-content\/uploads\/2016\/08\/Beili-Liu_Toil-detail.blog_-300x200.jpg 300w\" sizes=\"auto, (max-width: 800px) 100vw, 800px\" \/><figcaption id=\"caption-attachment-2541\" class=\"wp-caption-text\">Beile Liu\/China: &#8220;Toil&#8221;, detail<\/figcaption><\/figure><\/p>\n<p>Vom 16. Oktober 2016 bis 2.. 2017 April wird die dritte Asien &#8211; Europa Textilkunstausstellung seine reise durch Europa beginnen. Diese Veranstaltung ist ein gutes Beispiel f\u00fcr eine von K\u00fcnstlern organisierte Serie von Ausstellungen. Die diesj\u00e4hrige Kurator, Marika Szaraz, hat einen Text geschickt (siehe englische Fassung!). Die Liste der Teilnehmern wird unten publiziert.<\/p>\n<figure id=\"attachment_2542\" aria-describedby=\"caption-attachment-2542\" style=\"width: 800px\" class=\"wp-caption aligncenter\"><img loading=\"lazy\" decoding=\"async\" class=\"size-full wp-image-2542\" src=\"https:\/\/www.textile-forum-blog.org\/wp-content\/uploads\/2016\/08\/El-abrazo-Maria-Ortega.blog_.jpg\" alt=\"Maria Ortega\/ E: &quot;El abrazo (The Hug)&quot;, 2013 - 2014\" width=\"800\" height=\"510\" srcset=\"https:\/\/www.textile-forum-blog.org\/wp-content\/uploads\/2016\/08\/El-abrazo-Maria-Ortega.blog_.jpg 800w, https:\/\/www.textile-forum-blog.org\/wp-content\/uploads\/2016\/08\/El-abrazo-Maria-Ortega.blog_-300x191.jpg 300w\" sizes=\"auto, (max-width: 800px) 100vw, 800px\" \/><figcaption id=\"caption-attachment-2542\" class=\"wp-caption-text\">Maria Ortega\/ E: &#8220;El abrazo (The Hug)&#8221;, 2013 &#8211; 2014<\/figcaption><\/figure>\n<p>Liste der Teilnehmer:<br \/>\n1-Antra AUGUSTINOVICA &#8211; Latvia<br \/>\n2-Marian BIJLENGA &#8211; Netherlands<br \/>\n3-Young-Soon CHA &#8211; Korea<br \/>\n4-Nora CHALMET &#8211; Belgium<br \/>\n5-Yeon-Soon CHANG &#8211; Korea<br \/>\n6-Yong-Soon CHUNG &#8211; Korea<br \/>\n7-Wlodzimierz CYGAN &#8211; Poland<br \/>\n8-Kela CREMACHI &#8211; Italy<br \/>\n9-Kazue HONMA &#8211; Japan<br \/>\n10-Kakuko ISHII &#8211; Japan<br \/>\n11-Mitsue ITO &#8211; Japan<br \/>\n12-Yasuko IYANAGA &#8211; Japan<br \/>\n13-Raija JOKINEN &#8211; Finland<br \/>\n14-Ken KAGAJO &#8211; Japan<br \/>\n15-Hideaki KIZAKI &#8211; Japan<br \/>\n16-Irina KOLESNIKOVA &#8211; Germany<br \/>\n17-Akiko KUMAZAWA &#8211; Japan<br \/>\n18-Bara LEHMANN-SCHULTZ &#8211; Germany<br \/>\n19-Sung-Soon LEE &#8211; Korea<br \/>\n20-Jean Michel LETELLIER &#8211; France<br \/>\n21-Beili Liu China<br \/>\n22-Fran\u00e7oise MICOUD &#8211; France<br \/>\n23-Miki NAKAMURA &#8211; Japan<br \/>\n24-Maria ORTEGA &#8211; Spain<br \/>\n25-Erny PIRET &#8211; Luxemburg<br \/>\n26-Jeannine De Raeymaecker Belgium<br \/>\n27-Lina RINGELIEN\u00c9 &#8211; Lithuania<br \/>\n28-Ausra SEDLEVICIUT\u00c9 &#8211; Lithuania<br \/>\n29-Jin Sook SO &#8211; Korea\/Sweden<br \/>\n30-Magdalena SOBON &#8211; Poland<br \/>\n31-Yukako SORAI &#8211; Japan<br \/>\n32-Blanka SPERKOVA &#8211; Czech Republic<br \/>\n!!33-Marika SZARAZ &#8211; Hungary<br \/>\n34-Kyoko UEDA &#8211; Japan<br \/>\n35-Makiko WAKISAKA &#8211; Japan<br \/>\n36-Rieko YASHIRO &#8211; Japan<\/p>\n<figure id=\"attachment_2543\" aria-describedby=\"caption-attachment-2543\" style=\"width: 800px\" class=\"wp-caption aligncenter\"><img loading=\"lazy\" decoding=\"async\" class=\"size-full wp-image-2543\" src=\"https:\/\/www.textile-forum-blog.org\/wp-content\/uploads\/2016\/08\/Makiko-Wakisaka_floating-oasis.blog_.jpg\" alt=\"Makiko Wakisaka\/ Japan: &quot;floating oasis&quot;, 2016\" width=\"800\" height=\"493\" srcset=\"https:\/\/www.textile-forum-blog.org\/wp-content\/uploads\/2016\/08\/Makiko-Wakisaka_floating-oasis.blog_.jpg 800w, https:\/\/www.textile-forum-blog.org\/wp-content\/uploads\/2016\/08\/Makiko-Wakisaka_floating-oasis.blog_-300x185.jpg 300w\" sizes=\"auto, (max-width: 800px) 100vw, 800px\" \/><figcaption id=\"caption-attachment-2543\" class=\"wp-caption-text\">Makiko Wakisaka\/ Japan: &#8220;floating oasis&#8221;, 2016<\/figcaption><\/figure>\n<figure id=\"attachment_2540\" aria-describedby=\"caption-attachment-2540\" style=\"width: 705px\" class=\"wp-caption aligncenter\"><img loading=\"lazy\" decoding=\"async\" class=\"size-full wp-image-2540\" src=\"https:\/\/www.textile-forum-blog.org\/wp-content\/uploads\/2016\/08\/33.Marika-Sz\u00e0raz_Reflets.blog_.jpg\" alt=\"Marika Sz\u00e0raz\/B: &quot;Reflets&quot;,1995\" width=\"705\" height=\"705\" srcset=\"https:\/\/www.textile-forum-blog.org\/wp-content\/uploads\/2016\/08\/33.Marika-Sz\u00e0raz_Reflets.blog_.jpg 705w, https:\/\/www.textile-forum-blog.org\/wp-content\/uploads\/2016\/08\/33.Marika-Sz\u00e0raz_Reflets.blog_-200x200.jpg 200w, https:\/\/www.textile-forum-blog.org\/wp-content\/uploads\/2016\/08\/33.Marika-Sz\u00e0raz_Reflets.blog_-300x300.jpg 300w\" sizes=\"auto, (max-width: 705px) 100vw, 705px\" \/><figcaption id=\"caption-attachment-2540\" class=\"wp-caption-text\">Marika Sz\u00e0raz\/B: &#8220;Reflets&#8221;,1995<\/figcaption><\/figure>\n<figure id=\"attachment_2537\" aria-describedby=\"caption-attachment-2537\" style=\"width: 593px\" class=\"wp-caption aligncenter\"><img loading=\"lazy\" decoding=\"async\" class=\"size-large wp-image-2537\" src=\"https:\/\/www.textile-forum-blog.org\/wp-content\/uploads\/2016\/08\/7.-Cygan_-\u201cThe-Tapping\u201d-Behind.blog_-593x1024.jpg\" alt=\"Wlodzimierz Cygan\/Poland: \u201cThe Tapping\u201d \" width=\"593\" height=\"1024\" srcset=\"https:\/\/www.textile-forum-blog.org\/wp-content\/uploads\/2016\/08\/7.-Cygan_-\u201cThe-Tapping\u201d-Behind.blog_-593x1024.jpg 593w, https:\/\/www.textile-forum-blog.org\/wp-content\/uploads\/2016\/08\/7.-Cygan_-\u201cThe-Tapping\u201d-Behind.blog_-174x300.jpg 174w, https:\/\/www.textile-forum-blog.org\/wp-content\/uploads\/2016\/08\/7.-Cygan_-\u201cThe-Tapping\u201d-Behind.blog_.jpg 800w\" sizes=\"auto, (max-width: 593px) 100vw, 593px\" \/><figcaption id=\"caption-attachment-2537\" class=\"wp-caption-text\">Wlodzimierz Cygan\/Poland: \u201cThe Tapping\u201d<\/figcaption><\/figure>\n<figure id=\"attachment_2538\" aria-describedby=\"caption-attachment-2538\" style=\"width: 800px\" class=\"wp-caption aligncenter\"><img loading=\"lazy\" decoding=\"async\" class=\"size-full wp-image-2538\" src=\"https:\/\/www.textile-forum-blog.org\/wp-content\/uploads\/2016\/08\/32.Blanka-Sperkova_Golden-Egg.blog_.jpg\" alt=\"Blanka Sperkova\/Cz: &quot;Golden Egg&quot;\" width=\"800\" height=\"642\" srcset=\"https:\/\/www.textile-forum-blog.org\/wp-content\/uploads\/2016\/08\/32.Blanka-Sperkova_Golden-Egg.blog_.jpg 800w, https:\/\/www.textile-forum-blog.org\/wp-content\/uploads\/2016\/08\/32.Blanka-Sperkova_Golden-Egg.blog_-300x241.jpg 300w\" sizes=\"auto, (max-width: 800px) 100vw, 800px\" \/><figcaption id=\"caption-attachment-2538\" class=\"wp-caption-text\">Blanka Sperkova\/Cz: &#8220;Golden Egg&#8221;<\/figcaption><\/figure>\n<figure id=\"attachment_2544\" aria-describedby=\"caption-attachment-2544\" style=\"width: 800px\" class=\"wp-caption aligncenter\"><img loading=\"lazy\" decoding=\"async\" class=\"size-full wp-image-2544\" src=\"https:\/\/www.textile-forum-blog.org\/wp-content\/uploads\/2016\/08\/traces-of-writing-I-2014-66-x-66-cm.blog_.jpg\" alt=\"Marian Bijlenga\/NL: Traces of Writing I - 2014- 66 x 66 cm\" width=\"800\" height=\"770\" srcset=\"https:\/\/www.textile-forum-blog.org\/wp-content\/uploads\/2016\/08\/traces-of-writing-I-2014-66-x-66-cm.blog_.jpg 800w, https:\/\/www.textile-forum-blog.org\/wp-content\/uploads\/2016\/08\/traces-of-writing-I-2014-66-x-66-cm.blog_-300x289.jpg 300w\" sizes=\"auto, (max-width: 800px) 100vw, 800px\" \/><figcaption id=\"caption-attachment-2544\" class=\"wp-caption-text\">Marian Bijlenga\/NL: Traces of Writing I &#8211; 2014- 66 x 66 cm<\/figcaption><\/figure>\n<figure id=\"attachment_2545\" aria-describedby=\"caption-attachment-2545\" style=\"width: 640px\" class=\"wp-caption aligncenter\"><img loading=\"lazy\" decoding=\"async\" class=\"size-full wp-image-2545\" src=\"https:\/\/www.textile-forum-blog.org\/wp-content\/uploads\/2016\/08\/Yeon-Soon-Chang_Matrix-201023-2010.blog_.jpg\" alt=\"Yeon Soon Chang\/ South Korea: &quot;Matrix 201023; 2010\" width=\"640\" height=\"960\" srcset=\"https:\/\/www.textile-forum-blog.org\/wp-content\/uploads\/2016\/08\/Yeon-Soon-Chang_Matrix-201023-2010.blog_.jpg 640w, https:\/\/www.textile-forum-blog.org\/wp-content\/uploads\/2016\/08\/Yeon-Soon-Chang_Matrix-201023-2010.blog_-200x300.jpg 200w\" sizes=\"auto, (max-width: 640px) 100vw, 640px\" \/><figcaption id=\"caption-attachment-2545\" class=\"wp-caption-text\">Yeon Soon Chang\/ South Korea: &#8220;Matrix 201023; 2010<\/figcaption><\/figure>\n<p><figure id=\"attachment_2546\" aria-describedby=\"caption-attachment-2546\" style=\"width: 800px\" class=\"wp-caption aligncenter\"><img loading=\"lazy\" decoding=\"async\" class=\"size-full wp-image-2546\" src=\"https:\/\/www.textile-forum-blog.org\/wp-content\/uploads\/2016\/08\/Yukako-Sorai-_-Energeia.blog_.jpg\" alt=\"Yukako Sorai\/Japan: &quot;Energie&quot;, 2015\" width=\"800\" height=\"763\" srcset=\"https:\/\/www.textile-forum-blog.org\/wp-content\/uploads\/2016\/08\/Yukako-Sorai-_-Energeia.blog_.jpg 800w, https:\/\/www.textile-forum-blog.org\/wp-content\/uploads\/2016\/08\/Yukako-Sorai-_-Energeia.blog_-300x286.jpg 300w\" sizes=\"auto, (max-width: 800px) 100vw, 800px\" \/><figcaption id=\"caption-attachment-2546\" class=\"wp-caption-text\">Yukako Sorai\/Japan: &#8220;Energie&#8221;, 2015<\/figcaption><\/figure><\/p>","protected":false},"excerpt":{"rendered":"<p>Vom 16. Oktober 2016 bis 2.. 2017 April wird die dritte Asien &#8211; Europa Textilkunstausstellung seine reise durch Europa beginnen. Diese Veranstaltung ist ein gutes Beispiel f\u00fcr eine von K\u00fcnstlern&#8230;<\/p>\n","protected":false},"author":1,"featured_media":2536,"comment_status":"closed","ping_status":"closed","sticky":false,"template":"","format":"standard","meta":{"footnotes":""},"categories":[12],"tags":[],"class_list":["post-2534","post","type-post","status-publish","format-standard","has-post-thumbnail","hentry","category-exhibitions"],"_links":{"self":[{"href":"https:\/\/www.textile-forum-blog.org\/de\/wp-json\/wp\/v2\/posts\/2534","targetHints":{"allow":["GET"]}}],"collection":[{"href":"https:\/\/www.textile-forum-blog.org\/de\/wp-json\/wp\/v2\/posts"}],"about":[{"href":"https:\/\/www.textile-forum-blog.org\/de\/wp-json\/wp\/v2\/types\/post"}],"author":[{"embeddable":true,"href":"https:\/\/www.textile-forum-blog.org\/de\/wp-json\/wp\/v2\/users\/1"}],"replies":[{"embeddable":true,"href":"https:\/\/www.textile-forum-blog.org\/de\/wp-json\/wp\/v2\/comments?post=2534"}],"version-history":[{"count":0,"href":"https:\/\/www.textile-forum-blog.org\/de\/wp-json\/wp\/v2\/posts\/2534\/revisions"}],"wp:featuredmedia":[{"embeddable":true,"href":"https:\/\/www.textile-forum-blog.org\/de\/wp-json\/wp\/v2\/media\/2536"}],"wp:attachment":[{"href":"https:\/\/www.textile-forum-blog.org\/de\/wp-json\/wp\/v2\/media?parent=2534"}],"wp:term":[{"taxonomy":"category","embeddable":true,"href":"https:\/\/www.textile-forum-blog.org\/de\/wp-json\/wp\/v2\/categories?post=2534"},{"taxonomy":"post_tag","embeddable":true,"href":"https:\/\/www.textile-forum-blog.org\/de\/wp-json\/wp\/v2\/tags?post=2534"}],"curies":[{"name":"wp","href":"https:\/\/api.w.org\/{rel}","templated":true}]}}