{"id":2518,"date":"2016-07-27T16:30:53","date_gmt":"2016-07-27T15:30:53","guid":{"rendered":"http:\/\/www.textile-forum-blog.org\/?p=2518"},"modified":"2016-07-29T10:14:48","modified_gmt":"2016-07-29T09:14:48","slug":"weaving-we-2016-hangzhou-triennial-of-fiber-art","status":"publish","type":"post","link":"https:\/\/www.textile-forum-blog.org\/de\/2016\/07\/weaving-we-2016-hangzhou-triennial-of-fiber-art\/","title":{"rendered":"Weaving &#038; We : 2016 Hangzhou Triennial of Fiber Art"},"content":{"rendered":"<p><figure id=\"attachment_2521\" aria-describedby=\"caption-attachment-2521\" style=\"width: 800px\" class=\"wp-caption aligncenter\"><img loading=\"lazy\" decoding=\"async\" class=\"size-full wp-image-2521\" src=\"https:\/\/www.textile-forum-blog.org\/wp-content\/uploads\/2016\/07\/Sheila-Hicks-Embassy-of-Chromatic-Delegates-installation-2015-2016-Photo-by-Cristobal-Za\u00f1artu.jpg\" alt=\"Sheila Hicks, Embassy of Chromatic Delegates, installation, 2015-2016, Photo by Cristobal Za\u00f1artu\" width=\"800\" height=\"576\" srcset=\"https:\/\/www.textile-forum-blog.org\/wp-content\/uploads\/2016\/07\/Sheila-Hicks-Embassy-of-Chromatic-Delegates-installation-2015-2016-Photo-by-Cristobal-Za\u00f1artu.jpg 800w, https:\/\/www.textile-forum-blog.org\/wp-content\/uploads\/2016\/07\/Sheila-Hicks-Embassy-of-Chromatic-Delegates-installation-2015-2016-Photo-by-Cristobal-Za\u00f1artu-300x216.jpg 300w\" sizes=\"auto, (max-width: 800px) 100vw, 800px\" \/><figcaption id=\"caption-attachment-2521\" class=\"wp-caption-text\">Sheila Hicks, Embassy of Chromatic Delegates, installation, 2015-2016, Photo by Cristobal Za\u00f1artu<\/figcaption><\/figure><\/p>\n<p><strong>Die zweite Hangzhou Triennale der Fiber Art hat sich versp\u00e4tet: Statt vom 25. August wird die Er\u00f6ffnung nun am 26. September bis 25. Oktober stattfinden (aufgrund von Sicherheitsproblemen mit dem G20-Gipfel von Anfang September). Die Namen der 64 K\u00fcnstler, die f\u00fcr diese Ausstellung ausgew\u00e4hlt wurden, sind jetzt bekannt. Unter ihnen nur etwa ein Dutzend wohlbekannte Namen von Textilk\u00fcnstler und \u00fcberraschenderweise auch nicht so viele Webern unter ihnen (soweit ich das erraten konnte). Dies k\u00f6nnte viele neue und j\u00fcngere K\u00fcnstler und neue Konzepte der Textilkunst bedeuten, einen guten Grund diese Triennale zu besuchen. Weitere Nachrichten auf der Website http:\/\/www.fiberarthangzhou.com\/Site_En\/news\/2016\/003\/0015.shtm<\/strong><\/p>\n<p><strong>Beatrijs Sterk<\/strong><\/p>\n<p><strong>Die englische Fassung zeigt den Pressetext \u00a0von Juli 2016 der Organisatoren!<\/strong><\/p>","protected":false},"excerpt":{"rendered":"<p>Die zweite Hangzhou Triennale der Fiber Art hat sich versp\u00e4tet: Statt vom 25. August wird die Er\u00f6ffnung nun am 26. September bis 25. Oktober stattfinden (aufgrund von Sicherheitsproblemen mit dem&#8230;<\/p>\n","protected":false},"author":1,"featured_media":2521,"comment_status":"closed","ping_status":"closed","sticky":false,"template":"","format":"standard","meta":{"footnotes":""},"categories":[12],"tags":[74],"class_list":["post-2518","post","type-post","status-publish","format-standard","has-post-thumbnail","hentry","category-exhibitions","tag-hangzhou-triennial-of-fiber-art"],"_links":{"self":[{"href":"https:\/\/www.textile-forum-blog.org\/de\/wp-json\/wp\/v2\/posts\/2518","targetHints":{"allow":["GET"]}}],"collection":[{"href":"https:\/\/www.textile-forum-blog.org\/de\/wp-json\/wp\/v2\/posts"}],"about":[{"href":"https:\/\/www.textile-forum-blog.org\/de\/wp-json\/wp\/v2\/types\/post"}],"author":[{"embeddable":true,"href":"https:\/\/www.textile-forum-blog.org\/de\/wp-json\/wp\/v2\/users\/1"}],"replies":[{"embeddable":true,"href":"https:\/\/www.textile-forum-blog.org\/de\/wp-json\/wp\/v2\/comments?post=2518"}],"version-history":[{"count":0,"href":"https:\/\/www.textile-forum-blog.org\/de\/wp-json\/wp\/v2\/posts\/2518\/revisions"}],"wp:featuredmedia":[{"embeddable":true,"href":"https:\/\/www.textile-forum-blog.org\/de\/wp-json\/wp\/v2\/media\/2521"}],"wp:attachment":[{"href":"https:\/\/www.textile-forum-blog.org\/de\/wp-json\/wp\/v2\/media?parent=2518"}],"wp:term":[{"taxonomy":"category","embeddable":true,"href":"https:\/\/www.textile-forum-blog.org\/de\/wp-json\/wp\/v2\/categories?post=2518"},{"taxonomy":"post_tag","embeddable":true,"href":"https:\/\/www.textile-forum-blog.org\/de\/wp-json\/wp\/v2\/tags?post=2518"}],"curies":[{"name":"wp","href":"https:\/\/api.w.org\/{rel}","templated":true}]}}