{"id":1883,"date":"2015-04-19T11:46:54","date_gmt":"2015-04-19T10:46:54","guid":{"rendered":"http:\/\/www.textile-forum-blog.org\/?p=1883"},"modified":"2017-05-06T16:11:11","modified_gmt":"2017-05-06T15:11:11","slug":"5th-textile-triennale-of-szombathely","status":"publish","type":"post","link":"https:\/\/www.textile-forum-blog.org\/de\/2015\/04\/5th-textile-triennale-of-szombathely\/","title":{"rendered":"5. Textil-Triennale von Szombathely"},"content":{"rendered":"<p><figure id=\"attachment_2824\" aria-describedby=\"caption-attachment-2824\" style=\"width: 800px\" class=\"wp-caption aligncenter\"><img loading=\"lazy\" decoding=\"async\" class=\"size-full wp-image-2824\" src=\"https:\/\/www.textile-forum-blog.org\/wp-content\/uploads\/2017\/05\/1.-ILL\u2026S-Orsolyablog.jpg\" alt=\"\" width=\"800\" height=\"412\" srcset=\"https:\/\/www.textile-forum-blog.org\/wp-content\/uploads\/2017\/05\/1.-ILL\u2026S-Orsolyablog.jpg 800w, https:\/\/www.textile-forum-blog.org\/wp-content\/uploads\/2017\/05\/1.-ILL\u2026S-Orsolyablog-300x155.jpg 300w, https:\/\/www.textile-forum-blog.org\/wp-content\/uploads\/2017\/05\/1.-ILL\u2026S-Orsolyablog-768x396.jpg 768w\" sizes=\"auto, (max-width: 800px) 100vw, 800px\" \/><figcaption id=\"caption-attachment-2824\" class=\"wp-caption-text\">ILLES Orsolya Hungary<br \/>TABLE RUNNER, 2014, 25&#215;140 cm; paper strips, tracing paper, fishing line, sewing threads, embroidery threads, mixed technique ; Work from The &#8220;Band Triennial&#8221;<\/figcaption><\/figure><\/p>\n<p>Dieses sehr bekannte Veranstaltung, eine der \u00e4ltesten in Europa, war mangels Kommunikation im Internet in englischer Sprache in den letzten Jahren weniger sichtbar. Dennoch lohnt es sich, nach Szombathely fahren, um die drei internationalen Veranstaltungen zu sehen, die von 26. Juni bis 30. Oktober 2015 an folgenden Orten stattfinden:<br \/>\n1. Im Szombathelyi K\u00e9pt\u00e1r (Kunsthalle von Szombathely) die 5. Internationale Triennale der Mini- Textilkunst zum Thema &#8220;IMAGO&#8221;<br \/>\n2.Im Savaria Museum in Szombathely die internationale Fahnen-Triennale zum Thema &#8220;Seide&#8221;<br \/>\n3. Ebenfalls im Savaria Museum die Internationalen Triennale &#8220;Band&#8221; zum gleichen Thema.<br \/>\nAuf nationaler Ebene gibt es ausserdem die 5. Triennale der Textilkunst sowie die 5. Textildesign-Triennalr.<br \/>\nDie Adresse der Organisatoren, mit Sitz in derKunsthalle, ist:<br \/>\nSzombathelyi K\u00e9pt\u00e1r, R\u00e1k\u00f3czi \u00fat 12, H-9700 Szombathely, Ungarn; E-Mail: textil triennale.szombathely@gmail.com<\/p>\n<figure id=\"attachment_1886\" aria-describedby=\"caption-attachment-1886\" style=\"width: 441px\" class=\"wp-caption aligncenter\"><img loading=\"lazy\" decoding=\"async\" class=\"size-full wp-image-1886\" src=\"https:\/\/www.textile-forum-blog.org\/wp-content\/uploads\/2015\/04\/4.-TAMMI-Minnamarinablog.jpg\" alt=\"4. TAMMI, Minnamarina Finland A MAN \u2013 GENTLEMAN, 2014, 20x20x18 cm; silk, buttons; from the 5th International Triennial of Miniature Textile \" width=\"441\" height=\"602\" srcset=\"https:\/\/www.textile-forum-blog.org\/wp-content\/uploads\/2015\/04\/4.-TAMMI-Minnamarinablog.jpg 441w, https:\/\/www.textile-forum-blog.org\/wp-content\/uploads\/2015\/04\/4.-TAMMI-Minnamarinablog-219x300.jpg 219w\" sizes=\"auto, (max-width: 441px) 100vw, 441px\" \/><figcaption id=\"caption-attachment-1886\" class=\"wp-caption-text\">4. TAMMI, Minnamarina Finland<br \/>A MAN \u2013 GENTLEMAN, 2014, 20x20x18 cm; silk, buttons; from the 5th International Triennial of Miniature Textile<\/figcaption><\/figure>\n<figure id=\"attachment_2826\" aria-describedby=\"caption-attachment-2826\" style=\"width: 598px\" class=\"wp-caption aligncenter\"><img loading=\"lazy\" decoding=\"async\" class=\"size-full wp-image-2826\" src=\"https:\/\/www.textile-forum-blog.org\/wp-content\/uploads\/2017\/05\/5.-S\u00a1NDOR-Eszterblog.jpg\" alt=\"\" width=\"598\" height=\"442\" srcset=\"https:\/\/www.textile-forum-blog.org\/wp-content\/uploads\/2017\/05\/5.-S\u00a1NDOR-Eszterblog.jpg 598w, https:\/\/www.textile-forum-blog.org\/wp-content\/uploads\/2017\/05\/5.-S\u00a1NDOR-Eszterblog-300x222.jpg 300w\" sizes=\"auto, (max-width: 598px) 100vw, 598px\" \/><figcaption id=\"caption-attachment-2826\" class=\"wp-caption-text\">SANDOR Eszter Hungary<br \/>PEACEMAKING, 2014, 18x18x14 cm; textile, mixed technique ; work from the 5th International Triennial of Miniature Textile<\/figcaption><\/figure>\n<figure id=\"attachment_2828\" aria-describedby=\"caption-attachment-2828\" style=\"width: 449px\" class=\"wp-caption aligncenter\"><img loading=\"lazy\" decoding=\"async\" class=\"size-full wp-image-2828\" src=\"https:\/\/www.textile-forum-blog.org\/wp-content\/uploads\/2017\/05\/9.-VARGA-Anik\u00dbblog.jpg\" alt=\"\" width=\"449\" height=\"800\" srcset=\"https:\/\/www.textile-forum-blog.org\/wp-content\/uploads\/2017\/05\/9.-VARGA-Anik\u00dbblog.jpg 449w, https:\/\/www.textile-forum-blog.org\/wp-content\/uploads\/2017\/05\/9.-VARGA-Anik\u00dbblog-168x300.jpg 168w\" sizes=\"auto, (max-width: 449px) 100vw, 449px\" \/><figcaption id=\"caption-attachment-2828\" class=\"wp-caption-text\">VARGA Aniko Hungary<br \/>LAYERS, 20104, 300&#215;100 cm; textile, print, appliqu\u00e9<br \/>r\u00e9szlet \/d\u00e9tail; 5th International Flag Triennial<\/figcaption><\/figure>\n<figure id=\"attachment_2825\" aria-describedby=\"caption-attachment-2825\" style=\"width: 768px\" class=\"wp-caption aligncenter\"><img loading=\"lazy\" decoding=\"async\" class=\"size-full wp-image-2825\" src=\"https:\/\/www.textile-forum-blog.org\/wp-content\/uploads\/2017\/05\/4.-R\u00dbnai-\u2026va-2blog.jpg\" alt=\"\" width=\"768\" height=\"861\" srcset=\"https:\/\/www.textile-forum-blog.org\/wp-content\/uploads\/2017\/05\/4.-R\u00dbnai-\u2026va-2blog.jpg 768w, https:\/\/www.textile-forum-blog.org\/wp-content\/uploads\/2017\/05\/4.-R\u00dbnai-\u2026va-2blog-268x300.jpg 268w\" sizes=\"auto, (max-width: 768px) 100vw, 768px\" \/><figcaption id=\"caption-attachment-2825\" class=\"wp-caption-text\">RONAI Eva: WE SAVE THE FOREFATHER, 2014, 165&#215;200 cm; wool, cotton, French gobelin; the 5th National Textile Art Triennale<\/figcaption><\/figure>\n<p><figure id=\"attachment_2827\" aria-describedby=\"caption-attachment-2827\" style=\"width: 600px\" class=\"wp-caption aligncenter\"><img loading=\"lazy\" decoding=\"async\" class=\"size-full wp-image-2827\" src=\"https:\/\/www.textile-forum-blog.org\/wp-content\/uploads\/2017\/05\/9.-Kov\u00b7cs-\u00a1gnes-2blog.jpg\" alt=\"\" width=\"600\" height=\"800\" srcset=\"https:\/\/www.textile-forum-blog.org\/wp-content\/uploads\/2017\/05\/9.-Kov\u00b7cs-\u00a1gnes-2blog.jpg 600w, https:\/\/www.textile-forum-blog.org\/wp-content\/uploads\/2017\/05\/9.-Kov\u00b7cs-\u00a1gnes-2blog-225x300.jpg 225w\" sizes=\"auto, (max-width: 600px) 100vw, 600px\" \/><figcaption id=\"caption-attachment-2827\" class=\"wp-caption-text\">KOVACS Agnes<br \/>SYSTEM AND FORM \u2013 bags, hat, 2013; caw leather, pigskin leather lining; 5th TRIENNAL OF TEXTILE DESIGN<\/figcaption><\/figure><\/p>","protected":false},"excerpt":{"rendered":"<p>Dieses sehr bekannte Veranstaltung, eine der \u00e4ltesten in Europa, war mangels Kommunikation im Internet in englischer Sprache in den letzten Jahren weniger sichtbar. Dennoch lohnt es sich, nach Szombathely fahren,&#8230;<\/p>\n","protected":false},"author":1,"featured_media":1886,"comment_status":"closed","ping_status":"closed","sticky":false,"template":"","format":"standard","meta":{"footnotes":""},"categories":[12],"tags":[82],"class_list":["post-1883","post","type-post","status-publish","format-standard","has-post-thumbnail","hentry","category-exhibitions","tag-triennale-of-szombathely"],"_links":{"self":[{"href":"https:\/\/www.textile-forum-blog.org\/de\/wp-json\/wp\/v2\/posts\/1883","targetHints":{"allow":["GET"]}}],"collection":[{"href":"https:\/\/www.textile-forum-blog.org\/de\/wp-json\/wp\/v2\/posts"}],"about":[{"href":"https:\/\/www.textile-forum-blog.org\/de\/wp-json\/wp\/v2\/types\/post"}],"author":[{"embeddable":true,"href":"https:\/\/www.textile-forum-blog.org\/de\/wp-json\/wp\/v2\/users\/1"}],"replies":[{"embeddable":true,"href":"https:\/\/www.textile-forum-blog.org\/de\/wp-json\/wp\/v2\/comments?post=1883"}],"version-history":[{"count":0,"href":"https:\/\/www.textile-forum-blog.org\/de\/wp-json\/wp\/v2\/posts\/1883\/revisions"}],"wp:featuredmedia":[{"embeddable":true,"href":"https:\/\/www.textile-forum-blog.org\/de\/wp-json\/wp\/v2\/media\/1886"}],"wp:attachment":[{"href":"https:\/\/www.textile-forum-blog.org\/de\/wp-json\/wp\/v2\/media?parent=1883"}],"wp:term":[{"taxonomy":"category","embeddable":true,"href":"https:\/\/www.textile-forum-blog.org\/de\/wp-json\/wp\/v2\/categories?post=1883"},{"taxonomy":"post_tag","embeddable":true,"href":"https:\/\/www.textile-forum-blog.org\/de\/wp-json\/wp\/v2\/tags?post=1883"}],"curies":[{"name":"wp","href":"https:\/\/api.w.org\/{rel}","templated":true}]}}