{"id":1119,"date":"2014-03-22T19:40:32","date_gmt":"2014-03-22T18:40:32","guid":{"rendered":"http:\/\/www.textile-forum-blog.org\/?p=1119"},"modified":"2014-04-12T17:16:46","modified_gmt":"2014-04-12T16:16:46","slug":"the-royal-austrian-museum-of-art-and-industry-mak-in-vienna-reopens-its-permanent-carpet-collection-on-8-april-2014","status":"publish","type":"post","link":"https:\/\/www.textile-forum-blog.org\/de\/2014\/03\/the-royal-austrian-museum-of-art-and-industry-mak-in-vienna-reopens-its-permanent-carpet-collection-on-8-april-2014\/","title":{"rendered":"Das \u00d6sterreichische Museum f\u00fcr Angewandte Kunst und Industrie (MAK) in Wien er\u00f6ffnet seine Teppich-Schausammlung am 8.April 2014 neu"},"content":{"rendered":"<p><figure id=\"attachment_1272\" aria-describedby=\"caption-attachment-1272\" style=\"width: 800px\" class=\"wp-caption aligncenter\"><img loading=\"lazy\" decoding=\"async\" class=\"size-full wp-image-1272\" alt=\"new permanent rug exhibition of the MAK Museum of Applied Art, Vienna\" src=\"https:\/\/www.textile-forum-blog.org\/wp-content\/uploads\/2014\/04\/19-Ansicht-MAK-Schausammlung-Teppiche.jpg\" width=\"800\" height=\"533\" srcset=\"https:\/\/www.textile-forum-blog.org\/wp-content\/uploads\/2014\/04\/19-Ansicht-MAK-Schausammlung-Teppiche.jpg 800w, https:\/\/www.textile-forum-blog.org\/wp-content\/uploads\/2014\/04\/19-Ansicht-MAK-Schausammlung-Teppiche-300x199.jpg 300w\" sizes=\"auto, (max-width: 800px) 100vw, 800px\" \/><figcaption id=\"caption-attachment-1272\" class=\"wp-caption-text\">View at the new permanent rug exhibition of the MAK Museum of Applied Art, Vienna; exhibition curator Michael Embacher<\/figcaption><\/figure><\/p>\n<p>Eine Auswahl von \u00fcber drei\u00dfig Exponaten gibt einen eindrucksvollen Einblick in die hochkar\u00e4tige <a href=\"http:\/\/www.mak.at\/programm\/event\/neuaufstellung_mak-schausammlungbrteppiche_1?event_id=1381315748338\">Teppichsammlung des MAK<\/a>, die mit einem Schwerpunkt auf einzigartige persische und mamlukische Teppiche des 16. und 17. Jahrhunderts zu den ber\u00fchmtesten und wertvollsten ihrer Art weltweit z\u00e4hlt.\u00dcber einen Einblick in die Entwicklungsgeschichte des Teppichs vom sp\u00e4ten 15. bis zum 18. Jahrhundert hinaus wird die Teppichkunst als \u00fcbergreifendes Thema des europ\u00e4ischen Interieurs skizziert. Klassische safawidische und osmanische Teppiche des 16. und 17. Jahrhunderts, Glanzleistungen des orientalischen Kunsthandwerks, bilden die H\u00f6hepunkte der Neupr\u00e4sentation.Klassische Teppiche des mittleren Ostens werden durch Savonnerien, in Frankreich gefertigte Kn\u00fcpfteppiche des 18. Jahrhunderts, wie etwa eine franz\u00f6sische Savonnerie Kaiser Josefs II. (Frankreich, Paris, Mitte 18. Jahrhundert), erg\u00e4nzt. Die in der MAK-Schausammlung Teppiche ausgestellten Exemplare dokumentieren die neue Formensprache dieser franz\u00f6sischen Produktion.Etwa drei\u00dfig dreidimensionale Objekte der MAK-Sammlung erg\u00e4nzen die Pr\u00e4sentation und thematisieren vielseitige Interaktionen mit der kunsthandwerklichen Produktion. Gestalterische Parallelen finden sich beispielsweise zwischen Fliesen und Tellern aus \u0130znik und dem osmanischen Nischen- und Gebetsteppich aus Istanbul bzw. Bursa (2. H\u00e4lfte 16. Jahrhundert). <em><strong>Pressetext<\/strong><\/em><\/p>\n<figure id=\"attachment_1133\" aria-describedby=\"caption-attachment-1133\" style=\"width: 704px\" class=\"wp-caption aligncenter\"><img loading=\"lazy\" decoding=\"async\" class=\"size-full wp-image-1133\" alt=\"Ottoman Carpet, niche or prayer carpet, Ottoman Empire\" src=\"https:\/\/www.textile-forum-blog.org\/wp-content\/uploads\/2014\/03\/03-Osmanen-Teppich-1.jpg\" width=\"704\" height=\"1000\" srcset=\"https:\/\/www.textile-forum-blog.org\/wp-content\/uploads\/2014\/03\/03-Osmanen-Teppich-1.jpg 704w, https:\/\/www.textile-forum-blog.org\/wp-content\/uploads\/2014\/03\/03-Osmanen-Teppich-1-211x300.jpg 211w\" sizes=\"auto, (max-width: 704px) 100vw, 704px\" \/><figcaption id=\"caption-attachment-1133\" class=\"wp-caption-text\">Ottoman Carpet, niche or prayer carpet, Ottoman Empire, Istanbul or Bursa, 2nd half 16th century<br \/>181 x 127 cm, taken over from the Imperial Court in 1922<br \/>\u00a9 Gerald Zugmann\/MAK<\/figcaption><\/figure>\n<p><figure id=\"attachment_1132\" aria-describedby=\"caption-attachment-1132\" style=\"width: 873px\" class=\"wp-caption aligncenter\"><img loading=\"lazy\" decoding=\"async\" class=\"size-full wp-image-1132\" alt=\"Mamluk Carpet, fragment, Mamluk Empire, Egypt,\" src=\"https:\/\/www.textile-forum-blog.org\/wp-content\/uploads\/2014\/03\/02-Mamluken-Teppich-Fragment.jpg\" width=\"873\" height=\"1000\" srcset=\"https:\/\/www.textile-forum-blog.org\/wp-content\/uploads\/2014\/03\/02-Mamluken-Teppich-Fragment.jpg 873w, https:\/\/www.textile-forum-blog.org\/wp-content\/uploads\/2014\/03\/02-Mamluken-Teppich-Fragment-261x300.jpg 261w\" sizes=\"auto, (max-width: 873px) 100vw, 873px\" \/><figcaption id=\"caption-attachment-1132\" class=\"wp-caption-text\">Mamluk Carpet, fragment, Mamluk Empire, Egypt, after the first half 15th century, 550 x 227 cm., taken over from the Imperial Court in 1922, Photo:\u00a9 Lois Lammerhuber \/ MAK<\/figcaption><\/figure><\/p>","protected":false},"excerpt":{"rendered":"<p>Eine Auswahl von \u00fcber drei\u00dfig Exponaten gibt einen eindrucksvollen Einblick in die hochkar\u00e4tige Teppichsammlung des MAK, die mit einem Schwerpunkt auf einzigartige persische und mamlukische Teppiche des 16. und 17&#8230;.<\/p>\n","protected":false},"author":1,"featured_media":1126,"comment_status":"closed","ping_status":"closed","sticky":false,"template":"","format":"standard","meta":{"footnotes":""},"categories":[3],"tags":[],"class_list":["post-1119","post","type-post","status-publish","format-standard","has-post-thumbnail","hentry","category-notes"],"_links":{"self":[{"href":"https:\/\/www.textile-forum-blog.org\/de\/wp-json\/wp\/v2\/posts\/1119","targetHints":{"allow":["GET"]}}],"collection":[{"href":"https:\/\/www.textile-forum-blog.org\/de\/wp-json\/wp\/v2\/posts"}],"about":[{"href":"https:\/\/www.textile-forum-blog.org\/de\/wp-json\/wp\/v2\/types\/post"}],"author":[{"embeddable":true,"href":"https:\/\/www.textile-forum-blog.org\/de\/wp-json\/wp\/v2\/users\/1"}],"replies":[{"embeddable":true,"href":"https:\/\/www.textile-forum-blog.org\/de\/wp-json\/wp\/v2\/comments?post=1119"}],"version-history":[{"count":0,"href":"https:\/\/www.textile-forum-blog.org\/de\/wp-json\/wp\/v2\/posts\/1119\/revisions"}],"wp:featuredmedia":[{"embeddable":true,"href":"https:\/\/www.textile-forum-blog.org\/de\/wp-json\/wp\/v2\/media\/1126"}],"wp:attachment":[{"href":"https:\/\/www.textile-forum-blog.org\/de\/wp-json\/wp\/v2\/media?parent=1119"}],"wp:term":[{"taxonomy":"category","embeddable":true,"href":"https:\/\/www.textile-forum-blog.org\/de\/wp-json\/wp\/v2\/categories?post=1119"},{"taxonomy":"post_tag","embeddable":true,"href":"https:\/\/www.textile-forum-blog.org\/de\/wp-json\/wp\/v2\/tags?post=1119"}],"curies":[{"name":"wp","href":"https:\/\/api.w.org\/{rel}","templated":true}]}}